
{"id":8798,"date":"2020-10-09T13:08:59","date_gmt":"2020-10-09T13:08:59","guid":{"rendered":"http:\/\/zupnija-gomilsko.rkc.si\/journal\/?p=8798"},"modified":"2020-09-29T01:30:04","modified_gmt":"2020-09-29T01:30:04","slug":"rencontres-nationales-des-conseils-de-developpement-2013-2","status":"publish","type":"post","link":"http:\/\/zupnija-gomilsko.rkc.si\/journal\/2020\/10\/09\/rencontres-nationales-des-conseils-de-developpement-2013-2\/","title":{"rendered":"Rencontres Nationales Des Conseils De D\u00e9veloppement 2013"},"content":{"rendered":"<p>Travailler en profondeur loffre et les assortiments au travers de loutil InfoCentre El\u00e8ves, parents, professionnels : Appelez le 3020 service et appel gratuits  Un tr\u00e8s grand merci aux \u00e9lus : Mme Anna CLAIR, Mme H\u00e9l\u00e8ne BESSE, M. Arthur YORO, Mme Rose Marie WALGER, Mme Patricia HILAIRE, M. Serge PLUMOT, Mme Roberte COUPAN, Mme Caroline SILVERA, M. Bruno PINABEL, M. Philippe ROGER, Mme Amandine GARZOLI, M. Eric DUFOUR, Mme Val\u00e9rie OSTYN, Mme Pam\u00e9la MIKART, Mme Patricia VERCAIGNE  Le Grenelle de lenvironnement a \u00e9t\u00e9 dans sa 1\u00e8re phase un moment essentiel de la vie d\u00e9mocratique en faveur du d\u00e9veloppement durable en France. <img decoding=\"async\" src=\"http:\/\/www.suschem.ch\/wp-content\/uploads\/2018\/02\/AXELERA-LOGO2014-FR-HD.jpg\" alt=\"rencontres nationales des conseils de d\u00e9veloppement 2013\" align=\"left\"> Apr\u00e8s deux ann\u00e9es de diminution du budget du minist\u00e8re de la Culture, le budget 2016 est enfin stabilis\u00e9 et on assiste au retour du financement des conservatoires sur des crit\u00e8res encore \u00e0 d\u00e9finir.. Veloppement du territoire, ses membres mutualisent <img decoding=\"async\" src=\"http:\/\/incubateur-impulse.fr\/uploads\/images\/equipe\/ISO9001.png\" alt=\"rencontres nationales des conseils de d\u00e9veloppement 2013\" align=\"left\"> Les parents concern\u00e9s par ce dispositif doivent \u00e9galement attester sur lhonneur quils ne disposent daucune solution de garde. Une journ\u00e9e d\u00e9changes et de mobilisation en faveur de l\u00e9ducation \u00e0 lenvironnement et au d\u00e9veloppement durable dans la perspective des 3es Assises de 2013 : cest \u00e0 quoi sengage le CFEEDD en rassemblant 300 acteurs nationaux et territoriaux \u00e0 loc Alain Faure. Les r\u00e9seaux pour connecter les id\u00e9es et les organisations. R\u00e9ussir Education, 2004, pp.23-25. Pour la Cour de cassation, les bruits \u00e9manant des clients dun restaurant constituent des bruits de comportement verbalisables sans constat acoustique D\u00e9fendez \u00e0 nos c\u00f4t\u00e9s lind\u00e9pendance de votre journal. 07072010 DFCI : dispositif de lutte contre les incendies de for\u00eat 2010 Pour aider les enseignants \u00e0 valoriser cette th\u00e9matique dans les classes de primaire, lassociation Alliance Carton Nature a ax\u00e9 la 3\u00e8me \u00e9dition de son op\u00e9ratio Charg\u00e9e de mission Education \u00e0 lenvironnement et au d\u00e9veloppement durable CDI-Temps plein Le 26 f\u00e9vrier, \u00e0 loccasion du colloque Sadapter pour survivre organis\u00e9 \u00e0 lAssembl\u00e9e nationale, le Comit\u00e9 21 pr\u00e9sente ses 12 propositions pour aider les territoires et les organisations publiques et priv\u00e9es \u00e0 sadapter aux changements climatiques.. <img decoding=\"async\" src=\"http:\/\/www.amf.asso.fr\/images\/upload\/illustrations\/tmp\/A201800_AMF_ILU_20171117_cn.JPG\" alt=\"rencontres nationales des conseils de d\u00e9veloppement 2013\" align=\"center\"> Alain Faure. Des r\u00e9cits fragmentaires sur lint\u00e9r\u00eat g\u00e9n\u00e9ral. Ollivier-Trigalo M. Bornes routi\u00e8res, cartes magn\u00e9tiques, espaces portuaires : la d\u00e9centralisation des transports \u00e0 l\u00e9preuve de la technique, LVMT, p. 139-146, 2012. Comme pour les deux premi\u00e8res \u00e9ditions, les RNCI sont gratuites pour les membres du CLIC France et payantes pour les institutions et entreprises non-membres.  Unsubscribe from Conseil de d\u00e9veloppement de Nantes m\u00e9tropole?<\/p>\n","protected":false},"excerpt":{"rendered":"<p>rencontres nationales des conseils de d\u00e9veloppement 2013<\/p>\n","protected":false},"author":1,"featured_media":0,"comment_status":"closed","ping_status":"closed","sticky":false,"template":"","format":"standard","meta":{"footnotes":""},"categories":[1],"tags":[],"_links":{"self":[{"href":"http:\/\/zupnija-gomilsko.rkc.si\/journal\/wp-json\/wp\/v2\/posts\/8798"}],"collection":[{"href":"http:\/\/zupnija-gomilsko.rkc.si\/journal\/wp-json\/wp\/v2\/posts"}],"about":[{"href":"http:\/\/zupnija-gomilsko.rkc.si\/journal\/wp-json\/wp\/v2\/types\/post"}],"author":[{"embeddable":true,"href":"http:\/\/zupnija-gomilsko.rkc.si\/journal\/wp-json\/wp\/v2\/users\/1"}],"replies":[{"embeddable":true,"href":"http:\/\/zupnija-gomilsko.rkc.si\/journal\/wp-json\/wp\/v2\/comments?post=8798"}],"version-history":[{"count":1,"href":"http:\/\/zupnija-gomilsko.rkc.si\/journal\/wp-json\/wp\/v2\/posts\/8798\/revisions"}],"predecessor-version":[{"id":8799,"href":"http:\/\/zupnija-gomilsko.rkc.si\/journal\/wp-json\/wp\/v2\/posts\/8798\/revisions\/8799"}],"wp:attachment":[{"href":"http:\/\/zupnija-gomilsko.rkc.si\/journal\/wp-json\/wp\/v2\/media?parent=8798"}],"wp:term":[{"taxonomy":"category","embeddable":true,"href":"http:\/\/zupnija-gomilsko.rkc.si\/journal\/wp-json\/wp\/v2\/categories?post=8798"},{"taxonomy":"post_tag","embeddable":true,"href":"http:\/\/zupnija-gomilsko.rkc.si\/journal\/wp-json\/wp\/v2\/tags?post=8798"}],"curies":[{"name":"wp","href":"https:\/\/api.w.org\/{rel}","templated":true}]}}