
{"id":8922,"date":"2020-10-10T05:31:20","date_gmt":"2020-10-10T05:31:20","guid":{"rendered":"http:\/\/zupnija-gomilsko.rkc.si\/journal\/?p=8922"},"modified":"2020-09-29T05:34:48","modified_gmt":"2020-09-29T05:34:48","slug":"rencontre-tsiganes-marseille-2","status":"publish","type":"post","link":"http:\/\/zupnija-gomilsko.rkc.si\/journal\/2020\/10\/10\/rencontre-tsiganes-marseille-2\/","title":{"rendered":"Rencontre Tsiganes Marseille"},"content":{"rendered":"<p>\u00c0 vomir.,url_tcos:,media_badge:,processed:true,count:2,created_at:2020-06-13T14:44:23.00000:00,id:1271815687242166273,id_str:1271815687242166273,full_text:Au rassemblement demandant JusticePourAdama, beaucoup de monde rassembl\u00e9 dans une ambiance de lutte joyeuse et d\u00e9termin\u00e9e malgr\u00e9 des d\u00e9cisions d\u00e9plorables du pr\u00e9fet Lallement GenerationAdama https:t.coA0498ilsF5,truncated:false,display_text_range:0,217,entities:hashtags:text:JusticePourAdama,indices:27,44,text:Lallement,indices:166,176,text:GenerationAdama,indices:177,193,symbols:,user_mentions:,urls:,media:id:1271794368052170758,id_str:1271794368052170758,indices:194,217,media_url:http:pbs.twimg.comext_tw_video_thumb1271794368052170758puimgXAwCTJdPKSnw30XL.jpg,media_url_https:https:pbs.twimg.comext_tw_video_thumb1271794368052170758puimgXAwCTJdPKSnw30XL.jpg,url:https:t.coA0498ilsF5,display_url:pic.twitter.comA0498ilsF5,expanded_url:https:twitter.comEiichiChijiiwastatus1271794436142497793video1,type:photo,sizes:thumb:w:150,h:150,resize:crop,small:w:383,h:680,resize:fit,large:w:720,h:1280,resize:fit,medium:w:675,h:1200,resize:fit,source_status_id:1271794436142497793,source_status_id_str:1271794436142497793,source_user_id:50266259,source_user_id_str:50266259,extended_entities:media:id:1271794368052170758,id_str:1271794368052170758,indices:194,217,media_url:http:pbs.twimg.comext_tw_video_thumb1271794368052170758puimgXAwCTJdPKSnw30XL.jpg,media_url_https:https:pbs.twimg.comext_tw_video_thumb1271794368052170758puimgXAwCTJdPKSnw30XL.jpg,url:https:t.coA0498ilsF5,display_url:pic.twitter.comA0498ilsF5,expanded_url:https:twitter.comEiichiChijiiwastatus1271794436142497793video1,type:video,sizes:thumb:w:150,h:150,resize:crop,small:w:383,h:680,resize:fit,large:w:720,h:1280,resize:fit,medium:w:675,h:1200,resize:fit,source_status_id:1271794436142497793,source_status_id_str:1271794436142497793,source_user_id:50266259,source_user_id_str:50266259,video_info:aspect_ratio:9,16,duration_millis:9442,variants:bitrate:2176000,content_type:videomp4,url:https:video.twimg.comext_tw_video1271794368052170758puvid720x1280enazLTehYkrsffLm.mp4?tag10,content_type:applicationx-mpegURL,url:https:video.twimg.comext_tw_video1271794368052170758puplcSI2qxMtvlHM4DwK.m3u8?tag10,bitrate:632000,content_type:videomp4,url:https:video.twimg.comext_tw_video1271794368052170758puvid320x568yLzMzxWbk4A_wxYP.mp4?tag10,bitrate:832000,content_type:videomp4,url:https:video.twimg.comext_tw_video1271794368052170758puvid360x640FSgg33cm5yrJmfZO.mp4?tag10,additional_media_info:monetizable:false,source_user:id:50266259,id_str:50266259,name:\u5343\u3005\u5ca9\u82f1\u4e00,screen_name:EiichiChijiiwa,location:Paris,description:\u30d1\u30ea\u5728\u4f4f\u306e\u30f4\u30a1\u30a4\u30aa\u30ea\u30cb\u30b9\u30c8\u3067\u3059\u6240\u5c5e\u3059\u308b\u30aa\u30fc\u30b1\u30b9\u30c8\u30e9\u306e\u3053\u3068\u3092\u4e2d\u5fc3\u306b\u3055\u3055\u3084\u3044\u3066\u3044\u304d\u307e\u3059http:t.coeVS3Kt2h,url:http:t.corSTMGg7FJ3,entities:url:urls:url:http:t.corSTMGg7FJ3,expanded_url:http:chijiiwa.exblog.jp,display_url:chijiiwa.exblog.jp,indices:0,22,description:urls:url:http:t.coeVS3Kt2h,expanded_url:http:twilog.orgEiichiChijiiwa,display_url:twilog.orgEiichiChijiiwa,indices:43,63,protected:false,followers_count:6036,friends_count:971,listed_count:219,created_at:Wed Jun 24 09:59:18 0000 2009,favourites_count:3715,utc_offset:null,time_zone:null,geo_enabled:false,verified:false,statuses_count:19732,lang:null,contributors_enabled:false,is_translator:false,is_translation_enabled:false,profile_background_color:022330,profile_background_image_url:http:abs.twimg.comimagesthemestheme15bg.png,profile_background_image_url_https:https:abs.twimg.comimagesthemestheme15bg.png,profile_background_tile:false,profile_image_url:http:pbs.twimg.comprofile_images3788000005685076261a3adde4ddbef33f0794e63a34194f5f_normal.jpeg,profile_image_url_https:https:pbs.twimg.comprofile_images3788000005685076261a3adde4ddbef33f0794e63a34194f5f_normal.jpeg,profile_link_color:0084B4,profile_sidebar_border_color:A8C7F7,profile_sidebar_fill_color:C0DFEC,profile_text_color:333333,profile_use_background_image:true,has_extended_profile:false,default_profile:false,default_profile_image:false,following:false,follow_request_sent:false,notifications:false,translator_type:none,source:,in_reply_to_status_id:null,in_reply_to_status_id_str:null,in_reply_to_user_id:null,in_reply_to_user_id_str:null,in_reply_to_screen_name:null,user:id:410184399,id_str:410184399,name:Cl\u00e9mence Guett\u00e9,screen_name:Clemence_Guette,location:,description:Secr\u00e9taire g\u00e9n\u00e9rale du groupe FranceInsoumise \u00e0 lAssembl\u00e9e nationale Equipe programme Projet_JLM2017,url:https:t.coIUoCANWFVs,entities:url:urls:url:https:t.coIUoCANWFVs,expanded_url:http:clemence-guette.fr,display_url:clemence-guette.fr,indices:0,23,description:urls:,protected:false,followers_count:5498,friends_count:401,listed_count:25,created_at:2011-11-11T19:12:56.00000:00,favourites_count:373,utc_offset:null,time_zone:null,geo_enabled:false,verified:false,statuses_count:392,lang:null,contributors_enabled:false,is_translator:false,is_translation_enabled:false,profile_background_color:000000,profile_background_image_url:http:abs.twimg.comimagesthemestheme1bg.png,profile_background_image_url_https:https:abs.twimg.comimagesthemestheme1bg.png,profile_background_tile:false,profile_image_url:http:pbs.twimg.comprofile_images1223543392543682560dVtZUQk1_normal.jpg,profile_image_url_https:https:pbs.twimg.comprofile_images1223543392543682560dVtZUQk1_normal.jpg,profile_banner_url:https:pbs.twimg.comprofile_banners4101843991580550327,profile_link_color:E81C4F,profile_sidebar_border_color:000000,profile_sidebar_fill_color:000000,profile_text_color:000000,profile_use_background_image:false,has_extended_profile:false,default_profile:false,default_profile_image:false,following:false,follow_request_sent:false,notifications:false,translator_type:none,geo:null,coordinates:null,place:null,contributors:null,is_quote_status:false,retweet_count:34,favorite_count:67,favorited:false,retweeted:false,possibly_sensitive:false,lang:fr,media_type:video,plain_text: Marko Markovic, La Philosophie de lIn\u00e9galit\u00e9 et les id\u00e9es politiques de Nicolas Berdiaev. <img decoding=\"async\" src=\"http:\/\/www.rencontrestsiganes.asso.fr\/wp-content\/uploads\/logo_tsiganes_new2.png\" alt=\"rencontre tsiganes marseille\" align=\"left\"> Lien avec un r\u00e9pertoire par po\u00e8te, interpr\u00e8te, m\u00e9lodiste qui permet de belles d\u00e9couvertes. Exposition virtuelle de la biblioth\u00e8que de Lyon sur les multiples facettes du conte Le petit chaperon rouge. Analyse du conte, les diff\u00e9rentes versions, gros plans illustr\u00e9s, gravures d\u00e9poque.  Vous pouvez retrouver linformation que vous cherchez en navigant <img decoding=\"async\" src=\"http:\/\/www.explore.familysearchparty.com\/wp-content\/uploads\/2018\/01\/polo-Marseille-2019-OM-Puma.jpg\" alt=\"rencontre tsiganes marseille\" align=\"left\">  Chaque rubrique comporte une bibliographie en images, des liens certains sont bris\u00e9s, une chronologie, une petite filmographie. Plateforme p\u00e9dagogique et participative con\u00e7ue par l\u00e9quipe du festival Les rencontres de la photographie dArles. Ressources sur la photographie et certains photographes, \u00e0 destination des enseignants pour un jeune public \u00e0 partir de 6 ans et jusqu\u00e0 l\u00e2ge adulte., La Colombe assassin\u00e9e. La Violence et les Nations. Marius, Sergiu et la timide Anisoara iront au coll\u00e8ge Alexandre-Dumas. Ioan, Florin et lintenable Scoubi \u00e0 l\u00e9cole primaire Arenc-Bachas. Et L\u00e9onardo, le plus petit, 4 ans, \u00e0 la maternelle du m\u00eame \u00e9tablissement. La plus grande communaut\u00e9 scolaire branch\u00e9e du monde reliant \u00e9l\u00e8ves et enseignants de toutes langues. En anglais. Cr\u00e9\u00e9 en avril 2006 par David Liziard, conservateur de la M\u00e9diath\u00e8que municipale du Perreux sur Marne et cr\u00e9ateur \u00e0 l\u00e9poque du blog, Bibliop\u00e9dia est un projet collaboratif visant \u00e0 rassembler des ressources et des exp\u00e9riences int\u00e9ressant les professionnels francophones des biblioth\u00e8ques et de linformation. Le contenu traite des diff\u00e9rents aspects : m\u00e9tier, accueil des public et services offerts, recherche documentaire et biblioth\u00e9conomie, gestion et organisation. <img decoding=\"async\" src=\"http:\/\/www.latcho-divano.com\/wp-content\/uploads\/2018\/03\/Norig_2-520x780.jpg\" alt=\"rencontre tsiganes marseille\" align=\"right\"> -Tee-shirts Justice pour Adama en vente 10 \u00e0 partir de midi sur la place de la R\u00e9publique.-Mise en place dactions de pr\u00e9vention et d\u00e9ducation \u00e0 la sant\u00e9 au sein des consultations m\u00e9dicales Recherche par mots cl\u00e9s, auteurs, th\u00e8mes dans la base de donn\u00e9es des collections. Sur le site de Canop\u00e9 dAquitaine des ressources de formation documentaire initiale ou continue. Conf\u00e9rences internationales : mixit\u00e9 sociale, \u00e9cole inclusive, enseignement professionnel, d\u00e9crochage scolaire, \u00e9ducation \u00e0 lorientation.<\/p>\n","protected":false},"excerpt":{"rendered":"<p>rencontre tsiganes marseille<\/p>\n","protected":false},"author":1,"featured_media":0,"comment_status":"closed","ping_status":"closed","sticky":false,"template":"","format":"standard","meta":{"footnotes":""},"categories":[1],"tags":[],"_links":{"self":[{"href":"http:\/\/zupnija-gomilsko.rkc.si\/journal\/wp-json\/wp\/v2\/posts\/8922"}],"collection":[{"href":"http:\/\/zupnija-gomilsko.rkc.si\/journal\/wp-json\/wp\/v2\/posts"}],"about":[{"href":"http:\/\/zupnija-gomilsko.rkc.si\/journal\/wp-json\/wp\/v2\/types\/post"}],"author":[{"embeddable":true,"href":"http:\/\/zupnija-gomilsko.rkc.si\/journal\/wp-json\/wp\/v2\/users\/1"}],"replies":[{"embeddable":true,"href":"http:\/\/zupnija-gomilsko.rkc.si\/journal\/wp-json\/wp\/v2\/comments?post=8922"}],"version-history":[{"count":1,"href":"http:\/\/zupnija-gomilsko.rkc.si\/journal\/wp-json\/wp\/v2\/posts\/8922\/revisions"}],"predecessor-version":[{"id":8923,"href":"http:\/\/zupnija-gomilsko.rkc.si\/journal\/wp-json\/wp\/v2\/posts\/8922\/revisions\/8923"}],"wp:attachment":[{"href":"http:\/\/zupnija-gomilsko.rkc.si\/journal\/wp-json\/wp\/v2\/media?parent=8922"}],"wp:term":[{"taxonomy":"category","embeddable":true,"href":"http:\/\/zupnija-gomilsko.rkc.si\/journal\/wp-json\/wp\/v2\/categories?post=8922"},{"taxonomy":"post_tag","embeddable":true,"href":"http:\/\/zupnija-gomilsko.rkc.si\/journal\/wp-json\/wp\/v2\/tags?post=8922"}],"curies":[{"name":"wp","href":"https:\/\/api.w.org\/{rel}","templated":true}]}}