
{"id":8986,"date":"2020-10-10T19:00:19","date_gmt":"2020-10-10T19:00:19","guid":{"rendered":"http:\/\/zupnija-gomilsko.rkc.si\/journal\/?p=8986"},"modified":"2020-09-29T07:46:19","modified_gmt":"2020-09-29T07:46:19","slug":"rencontre-ambares-2","status":"publish","type":"post","link":"http:\/\/zupnija-gomilsko.rkc.si\/journal\/2020\/10\/10\/rencontre-ambares-2\/","title":{"rendered":"Rencontre Ambares"},"content":{"rendered":"<p>La pratique des activit\u00e9s et sortie sont aussi tr\u00e8s b\u00e9n\u00e9fiques aux enfants. Merci nounou Les \u00e9l\u00e8ves de Cord\u00e9e Math ont pu \u00e9changer avec \u00c9milie Ledru, consultante infrastructure chez Capgemini et Sophie L\u00e9v\u00e8que, ing\u00e9nieur m\u00e9thode chez Bouygues-construction dans le cadre de la journ\u00e9e de la journ\u00e9e SiauF\u00e9minin propos\u00e9 par les associations Elles bougent et UPSTI. Au programme de cette rencontre, le m\u00e9tier ding\u00e9nieur, les diff\u00e9rentes  Je suis quelquun de toujours vrai, sinc\u00e8re, honn\u00eate, tendre et attentionn\u00e9. Je vois la vie \u00e0 deux, saine et harmonieuse, inconditionnelle, dans les plus belles valeurs que je souhaite partager. Jaime les voyages \u00e0 ma mesure, et je suis adepte de la randonn\u00e9e sac \u00e0 dos. Je suis tr\u00e8s sensible \u00e0 lart en g\u00e9n\u00e9ral, quel quil soit, musique, photo, \u00e9criture. Je mattache \u00e0 une nourriture saine bio, l\u00e9cologie, la pr\u00e9servation de notre terre m\u00e8re. Mettre un peu de po\u00e9sie et de l\u00e9g\u00e8ret\u00e9 importe pour partager de bons instants de vie. Pour ceci, il est pour moi n\u00e9cessaire de prendre le temps pour construire une relation sinc\u00e8re et durable. Notre newsletter est hebdomadaire et vous pouvez la personnaliser en indiquant les rubriques qui vous concernent plus particuli\u00e8rement. <img decoding=\"async\" src=\"http:\/\/cdn.topannonces.fr\/topannonces-images-622-480\/ads\/0e6\/d\/0e6dac25-c224-484d-b267-c11f8753e326-1.jpg\" alt=\"rencontre ambares\" align=\"left\"> A l\u00e9coute de vos attentes, disponible et r\u00e9actif je fais le maximum pour vous vous accompagner dans la r\u00e9alisation de votre projet de vie : vendre ou trouver votre logement. Bonjour les filles. Alors de retour sur bordeaux apres des saisons je repars de z\u00e9ro au niveau amiti\u00e9. En effet mes copines ayant eu dautres aspirations dans la vie, nous.. Une rencontre \u00e0 quitte ou double pour Xavier Delorme et sa bande qui ont bataill\u00e9 dur pour simposer face \u00e0 la solide \u00e9quipe de La Pimpine dimanche dernier : 15-14! Pour ceux qui ne connaitraient pas encore cette famille, assez m\u00e9diatis\u00e9e ces deux derni\u00e8res ann\u00e9es, voici une rapide pr\u00e9sentation : 14km D\u00e9part A partir de 14h00 Marche p\u00e9destre Contact Position dAmbar\u00e8s-et-Lagrave sur la carte de France Ce que je cherche?Le plaisir de partager, d\u00e9changer librement dans une certaine intimit\u00e9, sans barri\u00e8re ni faux semblant, tout simplement Jeudi 3 octobre, le coll\u00e8ge mettait \u00e0 lhonneur les \u00e9l\u00e8ves ayant obtenu des mentions tout au long de lann\u00e9e derni\u00e8re. Pers\u00e9v\u00e9rance pour trois mentions, excellence si les trois mentions sont des f\u00e9licitations: chaque ann\u00e9e, cest ainsi plus du tiers dune cohorte qui est distingu\u00e9. Mme Margueritat, adjointe gestionnaire, Mme L\u00e9on, <img decoding=\"async\" src=\"http:\/\/bordeaux.catholique.fr\/secteur-pastoral-dambares\/rencontre-des-adorateurs\/@@images\/25d8ff90-8bbf-48f4-82cf-2fea6f44d0e6.jpeg\" alt=\"rencontre ambares\" align=\"left\"> Super belle rando et balade VTT pour cette Cl\u00f4ture du CODEP 33 FFV\u00e9loFFCT avec 6 VTTistes du.. Studio Ecozik, Ch\u00e2teau Tranchere All\u00e9e Simone Bouluguet 33150 Cenon Qui nait pas peur face \u00e0 une femme qui se d\u00e9brouille seule, mais qui a sa part de manques..   <img decoding=\"async\" src=\"http:\/\/img.over-blog.com\/600x450\/4\/06\/46\/08\/Communaute-Urbaine-Bordeaux\/AMBARES-007.jpg\" alt=\"rencontre ambares\" align=\"left\"> Je recherche un hommeafin de partager de supers bons moments, d\u00e9tablir une complicit\u00e9 simple et forte, peu importe son niveau culturel et ses origines ethniques Enregistrer mon nom, mon e-mail et mon site web dans le navigateur pour mon prochain commentaire. La politique des responsables a \u00e9t\u00e9 act\u00e9e avec le responsable f\u00e9d\u00e9ral, un point sera fait ult\u00e9rieurement. Un \u00e9change et un moment convivial avec la section ont ponctu\u00e9 cette journ\u00e9e de rencontre. La loi Travail et la situation du groupe ont \u00e9t\u00e9 largement \u00e9voqu\u00e9es. Une journ\u00e9e \u00e0 renouveler pour plus de proximit\u00e9.-Cheveux : Brun p\u00e2le-150 cm-Statut civil: C\u00e9libataire-Silhouette : Quelques kilos en trop Nous vous fournissons ci-dessous un outil simple pour vous permettre de les accepter ou de les refuser, \u00e0 votre convenance. Je recherche un homme s\u00e9rieux qui connait la valeur dune femme mai pas les faux profil.<\/p>\n","protected":false},"excerpt":{"rendered":"<p>rencontre ambares<\/p>\n","protected":false},"author":1,"featured_media":0,"comment_status":"closed","ping_status":"closed","sticky":false,"template":"","format":"standard","meta":{"footnotes":""},"categories":[1],"tags":[],"_links":{"self":[{"href":"http:\/\/zupnija-gomilsko.rkc.si\/journal\/wp-json\/wp\/v2\/posts\/8986"}],"collection":[{"href":"http:\/\/zupnija-gomilsko.rkc.si\/journal\/wp-json\/wp\/v2\/posts"}],"about":[{"href":"http:\/\/zupnija-gomilsko.rkc.si\/journal\/wp-json\/wp\/v2\/types\/post"}],"author":[{"embeddable":true,"href":"http:\/\/zupnija-gomilsko.rkc.si\/journal\/wp-json\/wp\/v2\/users\/1"}],"replies":[{"embeddable":true,"href":"http:\/\/zupnija-gomilsko.rkc.si\/journal\/wp-json\/wp\/v2\/comments?post=8986"}],"version-history":[{"count":1,"href":"http:\/\/zupnija-gomilsko.rkc.si\/journal\/wp-json\/wp\/v2\/posts\/8986\/revisions"}],"predecessor-version":[{"id":8987,"href":"http:\/\/zupnija-gomilsko.rkc.si\/journal\/wp-json\/wp\/v2\/posts\/8986\/revisions\/8987"}],"wp:attachment":[{"href":"http:\/\/zupnija-gomilsko.rkc.si\/journal\/wp-json\/wp\/v2\/media?parent=8986"}],"wp:term":[{"taxonomy":"category","embeddable":true,"href":"http:\/\/zupnija-gomilsko.rkc.si\/journal\/wp-json\/wp\/v2\/categories?post=8986"},{"taxonomy":"post_tag","embeddable":true,"href":"http:\/\/zupnija-gomilsko.rkc.si\/journal\/wp-json\/wp\/v2\/tags?post=8986"}],"curies":[{"name":"wp","href":"https:\/\/api.w.org\/{rel}","templated":true}]}}