
{"id":9132,"date":"2020-10-10T20:35:55","date_gmt":"2020-10-10T20:35:55","guid":{"rendered":"http:\/\/zupnija-gomilsko.rkc.si\/journal\/?p=9132"},"modified":"2020-09-29T17:24:03","modified_gmt":"2020-09-29T17:24:03","slug":"jade-foret-arnaud-lagardere-rencontre-3","status":"publish","type":"post","link":"http:\/\/zupnija-gomilsko.rkc.si\/journal\/2020\/10\/10\/jade-foret-arnaud-lagardere-rencontre-3\/","title":{"rendered":"Jade Foret Arnaud Lagardere Rencontre"},"content":{"rendered":"<p>En 2008, elle chante sa premi\u00e8re chanson quelle a \u00e9crite Im not a material girl lors de l\u00e9v\u00e9nement Top Model Belgium en Belgique \u00e0. <img decoding=\"async\" src=\"http:\/\/www.proof.vagaconsulting.com\/wp-content\/uploads\/2015\/09\/TWD-S5-DVDBR.png\" alt=\"jade foret arnaud lagardere rencontre\" align=\"left\"> Entre Jade Foret et Instagram, cest une grande histoire damour, mais pas autant que celle quelle vit depuis trois ans avec Arnaud Lagard\u00e8re. Il suffit de regarder ce que la jeune femme poste sur le r\u00e9seau social : dans la plupart des cas, il sagit de jolis clich\u00e9s de leur fille, Liva, ou de photos de leur couple, plus uni que jamais. Grossesses, mariage, naissance : tous les \u00e9v\u00e8nements importants de leur histoire sont l\u00e0, en petites vignettes carr\u00e9es, sur le web. En ce moment, cest son ventre que Jade nous montre r\u00e9guli\u00e8rement, \u00e0 quelques mois de larriv\u00e9e de leur deuxi\u00e8me enfant. Mais en ce mardi 14 janvier 2014, cest une vid\u00e9o, ou plut\u00f4t un diaporama tr\u00e8s rapide, que le mannequin a mis en ligne, compos\u00e9 dun grand nombre de photos qui d\u00e9gagent un parfum de passion. Evidemment, la date na pas \u00e9t\u00e9 choisie au hasard : Jade Foret et Arnaud Lagard\u00e8re sont en couple depuis le 14 janvier 2011. En l\u00e9gende de sa vid\u00e9o, la jeune femme sest livr\u00e9e sur les sentiments quelle \u00e9prouve en ce jour si particulier : Aujourdhui \u00e7a fait 3 ans que je vis une histoire incroyable, a-t-elle \u00e9crit. En 3 ans, on en a v\u00e9cu des choses extraordinaires, on a voyag\u00e9, on a fond\u00e9 une famille mais on a surtout travers\u00e9 temp\u00eates, vents et mar\u00e9es et notre amour est rest\u00e9 intact et surtout plus fort que jamais.. Jaimerais dailleurs \u00e9galement remercier tous ceux qui nous ont critiqu\u00e9s car gr\u00e2ce \u00e0 vous on a r\u00e9alis\u00e9 \u00e0 quel point on saime et \u00e0 quel point on a besoin lun de lautre. Pour c\u00e9l\u00e9brer ses trois ann\u00e9es magiques avec lhomme qui est devenu son \u00e9poux et le p\u00e8re de sa fille, Jade Foret a termin\u00e9 son message par une bien jolie d\u00e9claration \u00e0 celui quelle appelle Mon \u00e9poux, mon meilleur ami, mon confident et ma force de me battre chaque jour, bref, son Nono : I LOVE YOU FOREVER!!, a-t-elle conclu, dun amour aussi fort que polyglotte. <img decoding=\"async\" src=\"http:\/\/www.lepoint.fr\/images\/2011\/09\/26\/401319-217028-jpg_264555.jpg\" alt=\"jade foret arnaud lagardere rencontre\" align=\"center\"> Vous avez d\u00e9j\u00e0 ajout\u00e9 cet article dans votre liste de lecture. MYENERGYCHOICE BVBA, avec si\u00e8ge social situ\u00e9 \u00e0 Mediaplein 1, 2018 Antwerpen, num\u00e9ro dentreprise 0885.082.834, T\u00e9l. 32 2 454 22 11, E-mail: privacydpgmedia.be  Jade Foret ou Jade Forest n\u00e9e le 26 septembre 1990 est un mannequin belge dorigine li\u00e9geoise qui est la compagne de lhomme daffaires fran\u00e7ais Arnaud Lagard\u00e8re. Brune aux yeux bleus, elle mesure 1,82 m. De lavis g\u00e9n\u00e9ral, Arnaud Lagard\u00e8re nest pas facile \u00e0 joindre. Pour le moment, ni son ni image, nous a m\u00eame r\u00e9pondu lun de ses cog\u00e9rants, alors que nous lui demandions o\u00f9 se trouvait son patron. Alors, quand ils veulent avoir des nouvelles, les 28.738 collaborateurs du groupe ont une astuce : ils se connectent sur Instagram. Sur le compte officiel du boss, ouvert il y a peu. Ou bien sur celui, encore plus fourni, de sa moiti\u00e9, Jade, une mannequin belge de 28 ans photo ci-dessous. Cela vaut le d\u00e9tour! Photos glamour sur la plage, \u00e0 bord dun h\u00e9licopt\u00e8re ou dun yacht. Et tant pis si ces clich\u00e9s cash font tousser le Tout-Paris. Nono, comme le surnomme affectueusement sa femme, assume. Cest un ami de chez Facebook, lentreprise propri\u00e9taire dInstagram, qui ma convaincu dy aller, explique-t-il. Jai choisi de garder mon compte public, car je nai rien \u00e0 cacher. Je ne comprends pas ceux qui me critiquent : ce sont les m\u00eames qui suivent bouche b\u00e9e les publications de Donald Trump ou de Mark Zuckerberg! Jade Lagarde\u0300re-Instagram Il y a 7 ans, vous faisiez votre apparition dans les tribunes de Roland Garros aux c\u00f4t\u00e9s de votre mari. Peu de gens misaient sur votre couple. Finalement, vous \u00eates mari\u00e9s, vous avez trois enfants. Quel est votre secret? Retrouvez ce contenu plus tard en appuyant sur ce bouton Jai compris Ce week-end, cest Arnaud Lagard\u00e8re lui-m\u00eame, qui en a remis une couche. Dans le nouveau magazine du journal Le Monde, il a d\u00e9voil\u00e9 les dessous de leur coup de foudre mais il a surtout annonc\u00e9 quil allait \u00e9pouser Jade.  Les informations recueillies sont destin\u00e9es \u00e0 CCM Benchmark Group pour vous assurer lenvoi de votre newsletter. \u00c9valuer les parties de notre site web n\u00e9cessitant des modifications  <img decoding=\"async\" src=\"http:\/\/referentiel.nouvelobs.com\/wsfile\/6851352889224.jpg\" alt=\"jade foret arnaud lagardere rencontre\" align=\"center\"> Novembre La mannequin joue de la rumeur et de lattention des m\u00e9dias. Ainsi Gala titre. Et la Belge de tweeter, accompagn\u00e9e de la question enceinte ou non. Vu ses derniers clich\u00e9s en bikini, ce nest visiblement pas le cas, ou bien elle le cache dans sa cuisse. Des dinosaures, voici lencyclop\u00e9die biographique, Cest jour de v\u0153ux au th\u00e9\u00e2tre Bobino, \u00e0 Paris. Trois cents cadres du groupe Lagard\u00e8re ont \u00e9t\u00e9 convoqu\u00e9s ce 11 janvier 2011 pour un de ces grands raouts un peu clinquants et tr\u00e8s corporate quaffectionne lun des leaders mondiaux des m\u00e9dias. Avant le champagne et les petits fours, un discours dArnaud Lagard\u00e8re a \u00e9t\u00e9 pr\u00e9vu. Mais cest un spectacle improvis\u00e9 sur la sc\u00e8ne qui retient lattention. Une sorte davatar dArnaud Lagard\u00e8re, juv\u00e9nile et rieur, saute sur les planches comme un animateur de show t\u00e9l\u00e9vis\u00e9. D\u00e9sinvolte, chewing-gum aux l\u00e8vres, le sosie du patron distribue dans un franglais \u00e9prouvant bons et mauvais points aux d\u00e9partements et filiales du groupe-8 milliards deuros de chiffre daffaires, 28 000 salari\u00e9s. Nicolas Canteloup, lhumoriste vedette dEurope 1, la radio maison, a discr\u00e8tement demand\u00e9 \u00e0 Arnaud lautorisation de se livrer \u00e0 lexercice. Dans la salle, le Top 300 du groupe retient ses rires, g\u00ean\u00e9. Le clone para\u00eet si ressemblant Veuillez modifier ce param\u00e9trage avant de continuer. Veuillez r\u00e9essayer COUPLE Une histoire qui d\u00e9cha\u00eene les passions depuis 2010.<\/p>\n","protected":false},"excerpt":{"rendered":"<p>jade foret arnaud lagardere rencontre<\/p>\n","protected":false},"author":1,"featured_media":0,"comment_status":"closed","ping_status":"closed","sticky":false,"template":"","format":"standard","meta":{"footnotes":""},"categories":[1],"tags":[],"_links":{"self":[{"href":"http:\/\/zupnija-gomilsko.rkc.si\/journal\/wp-json\/wp\/v2\/posts\/9132"}],"collection":[{"href":"http:\/\/zupnija-gomilsko.rkc.si\/journal\/wp-json\/wp\/v2\/posts"}],"about":[{"href":"http:\/\/zupnija-gomilsko.rkc.si\/journal\/wp-json\/wp\/v2\/types\/post"}],"author":[{"embeddable":true,"href":"http:\/\/zupnija-gomilsko.rkc.si\/journal\/wp-json\/wp\/v2\/users\/1"}],"replies":[{"embeddable":true,"href":"http:\/\/zupnija-gomilsko.rkc.si\/journal\/wp-json\/wp\/v2\/comments?post=9132"}],"version-history":[{"count":1,"href":"http:\/\/zupnija-gomilsko.rkc.si\/journal\/wp-json\/wp\/v2\/posts\/9132\/revisions"}],"predecessor-version":[{"id":9133,"href":"http:\/\/zupnija-gomilsko.rkc.si\/journal\/wp-json\/wp\/v2\/posts\/9132\/revisions\/9133"}],"wp:attachment":[{"href":"http:\/\/zupnija-gomilsko.rkc.si\/journal\/wp-json\/wp\/v2\/media?parent=9132"}],"wp:term":[{"taxonomy":"category","embeddable":true,"href":"http:\/\/zupnija-gomilsko.rkc.si\/journal\/wp-json\/wp\/v2\/categories?post=9132"},{"taxonomy":"post_tag","embeddable":true,"href":"http:\/\/zupnija-gomilsko.rkc.si\/journal\/wp-json\/wp\/v2\/tags?post=9132"}],"curies":[{"name":"wp","href":"https:\/\/api.w.org\/{rel}","templated":true}]}}