
{"id":9296,"date":"2020-10-11T06:30:34","date_gmt":"2020-10-11T06:30:34","guid":{"rendered":"http:\/\/zupnija-gomilsko.rkc.si\/journal\/?p=9296"},"modified":"2020-09-29T22:41:06","modified_gmt":"2020-09-29T22:41:06","slug":"rencontre-multidisciplinaire-3","status":"publish","type":"post","link":"http:\/\/zupnija-gomilsko.rkc.si\/journal\/2020\/10\/11\/rencontre-multidisciplinaire-3\/","title":{"rendered":"Rencontre Multidisciplinaire"},"content":{"rendered":"<p>Ma coll\u00e8gue et moi avons donc collabor\u00e9 avec la conseill\u00e8re p\u00e9dagogique au pr\u00e9scolaire responsable de ce programme depuis 15 ans, avec la professionnelle responsable des rencontres, ainsi quavec les parents et les cinq enseignantes du pr\u00e9scolaire. Jajouterais aussi la collaboration des responsables des biblioth\u00e8ques publiques de la r\u00e9gion puisque la rencontre du th\u00e8me d\u00e9veil \u00e0 la lecture et \u00e0 l\u00e9criture a eu lieu dans les locaux de ces biblioth\u00e8ques. Pour une prise en charge rapide, contactez-nous d\u00e8s maintenant. Territories, as w ell as a meeting with the members of the multidis ci plina ry committee an d the members of.. Copyright 2020 Elsevier Masson SAS. All rights reserved Natacha COGN\u00c9E UQAM-Universit\u00e9 du Qu\u00e9bec \u00e0 Montr\u00e9al, \u00c9cole des Sciences de la Gestion ESG-UQAM RDV possibles par vid\u00e9oconf\u00e9rence ou par t\u00e9l\u00e9phone. <img decoding=\"async\" src=\"http:\/\/salondulivrepa.com\/sites\/default\/files\/Sans%20titre4.png\" alt=\"rencontre multidisciplinaire\" align=\"right\"> with participating owners to learn more about the clientele targeted by the project. Pr\u00e9senter notre mission et \u00e0 faire conna\u00eetre le trouble de lattachement. Voir le pour en savoir plus sur nos services. Actions 2010 Janvier et mars Vous devez choisir oui ou non pour envoyer votre commentaire. Ce site respecte les principes de la charte HONcode de HON Nous trouver  Par ailleurs, plusieurs \u00e9v\u00e9nements visant lam\u00e9lioration des cultures sont pr\u00e9vus cet hiver dans la r\u00e9gion. Pour tout conna\u00eetre sur les activit\u00e9s \u00e0 venir et les actualit\u00e9s concernant les services-conseils, consultez la page Facebook du r\u00e9seau Agriconseils de la Chaudi\u00e8re-Appalaches.  <img decoding=\"async\" src=\"http:\/\/www.cours-rpc-nice-saintpaul.fr\/wp-content\/uploads\/2015\/04\/logo-prostate-new-e1429785644174.png\" alt=\"rencontre multidisciplinaire\" align=\"center\"> 420-Lexcellence en management des services financiers : une rencontre multidisciplinaire Nous avons donc cherch\u00e9 un terme qui regroupe plusieurs aspects du m\u00e9tier : dune part, notre regard global, interdisciplinaire sur lensemble du probl\u00e8me abord\u00e9, dautre part, le fait que nous travaillons pour, mais surtout en collaboration avec nos clients. \u00c0 terme, nous nous tournons toujours vers la solution la plus consensuelle possible. En allemand, nous utilisons d\u00e9sormais lexpression Akkordierte Beratung difficilement traduisible en fran\u00e7ais, mais qui signifie concert\u00e9, en accord. Personnellement, ce terme me plait beaucoup. P\u00e9rinatalogie, une m\u00e9decine multidisciplinaire. Quelle place aujourdhui et demain? Tous les r\u00e9sidents ainsi que leur famille peuvent b\u00e9n\u00e9ficier des services dune travailleuse sociale. Elle supporte et accompagne les r\u00e9sidents et leur famille dans leur cheminement dadaptation. Select article Manifestations cardiaques de la maladie de Fabry et donn\u00e9es defficacit\u00e9 de lenzymoth\u00e9rapie <img decoding=\"async\" src=\"http:\/\/villesinvisibles.misha.fr\/sites\/15\/Image\/villes-invisibles-1.jpg\" alt=\"rencontre multidisciplinaire\" align=\"right\"> MESA 3 : Pueblos Ind\u00edgenas, Tierras y Recursos Naturales  3e Rencontres multidisciplinaires sur la maladie de Fabry Volume 31, Supplement 2, Pages S205-S288 December 2010 Deux figures importantes du monde scientifique et des communications seront associ\u00e9es au Congr\u00e8s. Lhumoriste bien connu Boucar Diouf, docteur en oc\u00e9anographie dipl\u00f4m\u00e9 de lUQAR, agira \u00e0 titre de porte-parole, et le scientifique en chef du Qu\u00e9bec, R\u00e9mi Quirion, assumera la pr\u00e9sidence dhonneur du Congr\u00e8s.<\/p>\n","protected":false},"excerpt":{"rendered":"<p>rencontre multidisciplinaire<\/p>\n","protected":false},"author":1,"featured_media":0,"comment_status":"closed","ping_status":"closed","sticky":false,"template":"","format":"standard","meta":{"footnotes":""},"categories":[1],"tags":[],"_links":{"self":[{"href":"http:\/\/zupnija-gomilsko.rkc.si\/journal\/wp-json\/wp\/v2\/posts\/9296"}],"collection":[{"href":"http:\/\/zupnija-gomilsko.rkc.si\/journal\/wp-json\/wp\/v2\/posts"}],"about":[{"href":"http:\/\/zupnija-gomilsko.rkc.si\/journal\/wp-json\/wp\/v2\/types\/post"}],"author":[{"embeddable":true,"href":"http:\/\/zupnija-gomilsko.rkc.si\/journal\/wp-json\/wp\/v2\/users\/1"}],"replies":[{"embeddable":true,"href":"http:\/\/zupnija-gomilsko.rkc.si\/journal\/wp-json\/wp\/v2\/comments?post=9296"}],"version-history":[{"count":1,"href":"http:\/\/zupnija-gomilsko.rkc.si\/journal\/wp-json\/wp\/v2\/posts\/9296\/revisions"}],"predecessor-version":[{"id":9297,"href":"http:\/\/zupnija-gomilsko.rkc.si\/journal\/wp-json\/wp\/v2\/posts\/9296\/revisions\/9297"}],"wp:attachment":[{"href":"http:\/\/zupnija-gomilsko.rkc.si\/journal\/wp-json\/wp\/v2\/media?parent=9296"}],"wp:term":[{"taxonomy":"category","embeddable":true,"href":"http:\/\/zupnija-gomilsko.rkc.si\/journal\/wp-json\/wp\/v2\/categories?post=9296"},{"taxonomy":"post_tag","embeddable":true,"href":"http:\/\/zupnija-gomilsko.rkc.si\/journal\/wp-json\/wp\/v2\/tags?post=9296"}],"curies":[{"name":"wp","href":"https:\/\/api.w.org\/{rel}","templated":true}]}}