
{"id":9342,"date":"2020-10-11T09:40:50","date_gmt":"2020-10-11T09:40:50","guid":{"rendered":"http:\/\/zupnija-gomilsko.rkc.si\/journal\/?p=9342"},"modified":"2020-09-29T23:50:57","modified_gmt":"2020-09-29T23:50:57","slug":"rcf-rencontre-avec-3","status":"publish","type":"post","link":"http:\/\/zupnija-gomilsko.rkc.si\/journal\/2020\/10\/11\/rcf-rencontre-avec-3\/","title":{"rendered":"Rcf Rencontre Avec"},"content":{"rendered":"<p>Comment financez-vous toutes ces \u00e9volutions, qui ont s\u00fbrement un co\u00fbt important? <img decoding=\"async\" src=\"http:\/\/www.ecrituresetspiritualites.fr\/wp-content\/uploads\/2011\/10\/laurence-cosse.png\" alt=\"rcf rencontre avec\" align=\"center\"> Haltes spirituelles avec les Clarisses de Montbrison Les \u00e9missions sont r\u00e9parties en cinq th\u00e9matiques : matinale, actualit\u00e9, culture, spiritualit\u00e9, vie quotidienne. RCF retransmet aussi le journal francophone de. Visite de Zvartnots, splendide complexe class\u00e9 au patrimoine mondial de lUnesco avec les \u00e9glises dEtchmiadzine. Il sagit des ruines dune ancienne cath\u00e9drale effondr\u00e9e lors dun s\u00e9isme du 10\u00e8me si\u00e8cle. Elles font aujourdhui lobjet dune reconstitution partielle. Sur le trajet du le lac de Sevan, visite du caravans\u00e9rail de Selim 14\u00e8me si\u00e8cle. Construit en 1332 par le Prince Chesar Orbelian, le caravans\u00e9rail est un splendide t\u00e9moin du pass\u00e9. Sur la route de la soie, il permettait de relier la Perse \u00e0 lOccident.  EN DIRECT Pr\u00e9sentation de la strat\u00e9gie nationale de d\u00e9confinement par \u00e0 lAssembl\u00e9e nationale. <img decoding=\"async\" src=\"http:\/\/m2-design.org\/img\/378ea0bd50d674d6f57ba5843e6fd6b8.jpg\" alt=\"rcf rencontre avec\" align=\"right\"> un programme grand public, g\u00e9n\u00e9raliste, de proximit\u00e9. Cependant, lensemble des visites mentionn\u00e9es au programme sera respect\u00e9. Dans lattente de la belle rencontre avec le P\u00e8re Guy Gilbert, Face \u00e0 la crise pand\u00e9mique li\u00e9 au CoronaVirus qui traverse lEurope et le monde, dans un souci de responsabilit\u00e9, l\u00e9quipe du d\u00e9partement des servants dAutel de la Conf\u00e9rence des Ev\u00eaques de France a d\u00e9cid\u00e9 de reporter le p\u00e8lerinage national des servants pr\u00e9vus \u00e0 Rome du 24 au 28 ao\u00fbt 2020. Rattach\u00e9e \u00e0 la RD, Muriel fait partie de l\u00e9quipe de mod\u00e9lisation et de suivi des logiciels Regards et Profil et joue un r\u00f4le important dans les tests de coh\u00e9rence et de v\u00e9racit\u00e9 des syst\u00e8mes d\u00e9quations de ces logiciels daide \u00e0 la d\u00e9cision. X  Aujourdhui, avec Odile Fournier, elle est b\u00e9n\u00e9vol.. <img decoding=\"async\" src=\"http:\/\/3.bp.blogspot.com\/-P1sAmhncl6I\/Wl0ZkUjisRI\/AAAAAAAABTs\/SmA8f5XaD9Ejnl5ommD_wXwdCC35hfNKACK4BGAYYCw\/s1600\/bandeau-blog-2018.png\" alt=\"rcf rencontre avec\" align=\"center\"> de leurs auditeurs. Information, culture, spiritualit\u00e9, vie quotidienne : RCF propose Le Pr\u00e9sident de R\u00e9gion Grand Est r\u00e9pondra aux questions de Franck BUCHY, DNA. Chronique Terre des Hommes Doubs sur RCF Besan\u00e7on, d\u00e9cembre 2019 9h15 : Bienvenue, Mots daccueil du CDN et de Terre des Hommes. Ce site utilise des cookies, en continuant votre visite vous signalez \u00eatre daccord avec cette utilisation. Vous avez besoin dun spot, sponsoring ou publireportage? .<\/p>\n","protected":false},"excerpt":{"rendered":"<p>rcf rencontre avec<\/p>\n","protected":false},"author":1,"featured_media":0,"comment_status":"closed","ping_status":"closed","sticky":false,"template":"","format":"standard","meta":{"footnotes":""},"categories":[1],"tags":[],"_links":{"self":[{"href":"http:\/\/zupnija-gomilsko.rkc.si\/journal\/wp-json\/wp\/v2\/posts\/9342"}],"collection":[{"href":"http:\/\/zupnija-gomilsko.rkc.si\/journal\/wp-json\/wp\/v2\/posts"}],"about":[{"href":"http:\/\/zupnija-gomilsko.rkc.si\/journal\/wp-json\/wp\/v2\/types\/post"}],"author":[{"embeddable":true,"href":"http:\/\/zupnija-gomilsko.rkc.si\/journal\/wp-json\/wp\/v2\/users\/1"}],"replies":[{"embeddable":true,"href":"http:\/\/zupnija-gomilsko.rkc.si\/journal\/wp-json\/wp\/v2\/comments?post=9342"}],"version-history":[{"count":1,"href":"http:\/\/zupnija-gomilsko.rkc.si\/journal\/wp-json\/wp\/v2\/posts\/9342\/revisions"}],"predecessor-version":[{"id":9343,"href":"http:\/\/zupnija-gomilsko.rkc.si\/journal\/wp-json\/wp\/v2\/posts\/9342\/revisions\/9343"}],"wp:attachment":[{"href":"http:\/\/zupnija-gomilsko.rkc.si\/journal\/wp-json\/wp\/v2\/media?parent=9342"}],"wp:term":[{"taxonomy":"category","embeddable":true,"href":"http:\/\/zupnija-gomilsko.rkc.si\/journal\/wp-json\/wp\/v2\/categories?post=9342"},{"taxonomy":"post_tag","embeddable":true,"href":"http:\/\/zupnija-gomilsko.rkc.si\/journal\/wp-json\/wp\/v2\/tags?post=9342"}],"curies":[{"name":"wp","href":"https:\/\/api.w.org\/{rel}","templated":true}]}}