
{"id":9366,"date":"2020-10-11T04:12:59","date_gmt":"2020-10-11T04:12:59","guid":{"rendered":"http:\/\/zupnija-gomilsko.rkc.si\/journal\/?p=9366"},"modified":"2020-09-30T00:36:00","modified_gmt":"2020-09-30T00:36:00","slug":"le-cine-du-comite-rencontre-3","status":"publish","type":"post","link":"http:\/\/zupnija-gomilsko.rkc.si\/journal\/2020\/10\/11\/le-cine-du-comite-rencontre-3\/","title":{"rendered":"Le Cin\u00e9 Du Comit\u00e9 Rencontre"},"content":{"rendered":"<p>Affili\u00e9 au Club des Explorateurs, le groupe Liotard, fond\u00e9 en 1945, r\u00e9unit les nouveaux et jeunes explorateurs qui gravitent autour du Mus\u00e9e de lHomme. Il prend le nom de Liotard en souvenir du g\u00e9ologue assassin\u00e9 lors dun s\u00e9jour au Tibet oriental. Merci \u00e0 Isabelle Nicoladze, membre de notre CA, pour sa cr\u00e9ation de confinement.. Soyez parmi les premiers \u00e0 venir nous rencontrer pour b\u00e9n\u00e9ficier de s\u00e9ances \u00e0 100 HT! s\u00e9ances d1 heure via Skype. S\u00e9ance exceptionnelle de la com\u00e9die de S\u00e9bastien Betbeder, en pr\u00e9sence du com\u00e9dien Fran\u00e7ois Chattot. Deux ans plus tard, Monsieur Redon p\u00e8re dispara\u00eet tragiquement. Son fils d\u00e9cide alors de quitter la minoterie de Fernand C\u00e9ard et de sengager dans la Marine nationale. Nous sommes alors en pleine p\u00e9riode de d\u00e9colonisation. Au Maroc, Raymond passe et obtient tous ses permis de conduire. Cet atout, ajout\u00e9 \u00e0 la cr\u00e9dibilit\u00e9 que lui conf\u00e8re sa ceinture marron de judo, lui permet notamment de devenir le chauffeur du capitaine Fran\u00e7ois Langlet, immortalis\u00e9 au cin\u00e9ma dans le film Le crabe-tambour de Pierre Schoendoerffer 1977. Il sera \u00e9galement le chauffeur particulier de lamiral Granger-Veyron, commandant en chef de toute la marine au Maroc, puis de lamiral descadre Barth\u00e9l\u00e9my, pacha du Colbert, le navire qui rapatria les cendres du mar\u00e9chal Lyautey de Rabat aux Invalides. Cette activit\u00e9 est tr\u00e8s demand\u00e9e par le personnel mais reste relativement on\u00e9reuse. Ainsi apr\u00e8s avoir n\u00e9goci\u00e9 avec le prestataire, nous avons obtenu un tarif unique tr\u00e8s attractif, incluant les repas. LHomme Semence, livre dont est tir\u00e9 le film Le Semeur, a \u00e9t\u00e9 \u00e9crit en 1919 par Violette Ailhaud, quelques ann\u00e9es avant sa mort. Cest un court r\u00e9cit percutant, quAilhaud ne voulait voir publi\u00e9 quapr\u00e8s sa disparition, par une descendante \u00e2g\u00e9e de 18 \u00e0 30 ans. Le Semeur est ladaptation de ce livre \u00e9nigmatique, publi\u00e9 aux \u00e9ditions Parole en 2006 et dont Jean Darot viendra nous parler \u00e0 lissue de la projection. Rejoignez le Comit\u00e9 Ados Jeune et je lis-M\u00e9diath\u00e8que de Bagnolet Jeune 18 ans inclus 14,00 AR au lieu de 16,00 Lors de cette assembl\u00e9e, furent rappel\u00e9es les diff\u00e9rentes manifestations qui s\u00e9taient d\u00e9roul\u00e9es en 2015 et plus particuli\u00e8rement, le moment fort de cette ann\u00e9e pass\u00e9e, la c\u00e9l\u00e9bration du 25\u00e8me anniversaire du jumelage avec la ville allemande de Schwieberdingen. Au mois de Mai, nous \u00e9tions accueillis par nos amis allemands et en septembre, nous les recevions \u00e0 Vaux le P\u00e9nil. Cette manifestation, plac\u00e9e sous le symbole de la Paix entre les Peuples, fut loccasion de proc\u00e9der \u00e0 linauguration de la Place Nelson Mandela en pr\u00e9sence \u00e9galement de nos amis am\u00e9ricains, repr\u00e9sentants de notre ville jumel\u00e9e am\u00e9ricaine de Belvidere. Pour le mardi 19 janvier 2016 Danse avec les Stars Bharati 2 Jason DERULO Alain CHAMFORT Manu KATCHE and Friends M\u00e9lodie GARDOT WWE live Wrestlemania catch Chico et the Gybsies Flashdance Georges BENSON Zucchero Dany BOON <img decoding=\"async\" src=\"http:\/\/loop-barcelona.com\/wp-content\/uploads\/2016\/04\/wael-shawky_cabaret-crusades_loop.jpg\" alt=\"le cin\u00e9 du comit\u00e9 rencontre\" align=\"left\"> Suite \u00e0 une demande de certains agents, je vous propose le concert de Nicki MINAJ.  Le comit\u00e9 cannois choisit onze films pour repr\u00e9senter la France au Festival, choix dont le but est \u00e0 la fois dexposer le talent du cin\u00e9ma fran\u00e7ais contemporain, son \u00e9volution technique et artistique et, en m\u00eame temps, dexprimer, la puissance politique et \u00e9conomique du pays devant les invit\u00e9s \u00e9trangers. DSN : Pour acc\u00e9der par le tableau de bord DSN \u00e0 vos comptes-rendus m\u00e9tier, merci de passer par lhistorique des \u00e9changes. Autres entr\u00e9es de la rubrique \u00c9ducation artistique et culturelle Choisissez le d\u00e9roul\u00e9 de votre \u00e9v\u00e9nement, tout est imaginable et notre \u00e9quipe travaille avec vous pour r\u00e9pondre au mieux \u00e0 vos envies. En journ\u00e9e ou en soir\u00e9e, choisir les 3T cest lassurance dun cadre original et convivial! Vous disposez d\u00e9j\u00e0 dun compte sur parismatch.com avec lemail <img decoding=\"async\" src=\"http:\/\/www.cinecapitole.fr\/evenement\/logo_art_et_essai.png\" alt=\"le cin\u00e9 du comit\u00e9 rencontre\" align=\"center\"> Nos \u00e9quipes Comit\u00e9o seront \u00e9galement pr\u00e9sentes pour vous pr\u00e9senter nos solutions digitales lors des salons FranceCE et ELUCEO <img decoding=\"async\" src=\"http:\/\/www.mairie-ris-orangis.fr\/wp-content\/uploads\/2018\/11\/LES-TRIPLETTE-DE-BELLEVILLE-LV-2018-202x300.png\" alt=\"le cin\u00e9 du comit\u00e9 rencontre\" align=\"left\">  S\u00e9jour d\u00e9change du 12 au 19 mai 2019, organis\u00e9 par Aneline FUYNEL, professeur dallemand au coll\u00e8ge de Fontreyne et les professeurs de Fran\u00e7ais de Traunstein : Reinhard THUSSBAS, Freddy KIRCHNER et Susanne LEIKAUF. 39 \u00e9l\u00e8ves en classe de 8 \u00e8me et 9 \u00e8me ce qui correspond \u00e0 la 4 \u00e8me et 3 \u00e8me du syst\u00e8me fran\u00e7ais \u00e9taient pr\u00e9sents. Ils ont \u00e9t\u00e9 re\u00e7us en Mairie par St\u00e9phane ROUX, Christiane BAR Conseillers municipaux et Jean-Pierre THERON Pr\u00e9sident du comit\u00e9 de jumelage. Merci \u00e0 Isabelle CAMBOS pour sa pr\u00e9sence et un petit clin d\u0153il \u00e0 Reinhard THUSSBAS, qui apr\u00e8s de nombreuses venues sur Gap, prend sa retraite en fin dann\u00e9e. Nicole Philipe, Rapport du CFE au Congr\u00e8s de la FIAF, op Cit. Vous disposez d\u00e9j\u00e0 dun compte sur lejdd.fr avec lemail  Le Cin\u00e9mobile, salle de cin\u00e9ma itin\u00e9rante unique en France, sillonne la r\u00e9gion Centre-Val de Loire et permet au public rural de b\u00e9n\u00e9ficier dun acc\u00e8s au cin\u00e9ma \u00e0 travers une programmation dactualit\u00e9 et des animations. Le film Le grand Bal de Laetitia CARTON a \u00e9t\u00e9 projet\u00e9 en novembre. Nous avions imagin\u00e9 en juin 2018 un partenariat \u00e9ventuel avec les clubs de danse des Co\u00e9vrons comme le country nombreux clubs en Mayenne mais cela na pas \u00e9t\u00e9 fait. Le cin\u00e9ma manque r\u00e9guli\u00e8rement de relais malgr\u00e9 notre bonne volont\u00e9. Par ailleurs, les salari\u00e9s arrivent sur le territoire donc ils ne peuvent se tisser que progressivement un r\u00e9seau. La justice des mineurs et les cin\u00e9-clubs de jeunes dans lapr\u00e8s Seconde guerre mondiale : un mod\u00e8le pr\u00e9ventif et correctif de la d\u00e9linquance, Journ\u00e9e d\u00e9tude Cin\u00e9mas d\u00e9ducation populaire. Pratiques cin\u00e9matographiques en terrain non commercial apr\u00e8s 1945, organis\u00e9e par Les Trois Lumi\u00e8res et lHicsa, sous la direction de M\u00e9lisande Leventopoulos et Ga\u00ebl Peton, 14 mars 2015.<\/p>\n","protected":false},"excerpt":{"rendered":"<p>le cin\u00e9 du comit\u00e9 rencontre<\/p>\n","protected":false},"author":1,"featured_media":0,"comment_status":"closed","ping_status":"closed","sticky":false,"template":"","format":"standard","meta":{"footnotes":""},"categories":[1],"tags":[],"_links":{"self":[{"href":"http:\/\/zupnija-gomilsko.rkc.si\/journal\/wp-json\/wp\/v2\/posts\/9366"}],"collection":[{"href":"http:\/\/zupnija-gomilsko.rkc.si\/journal\/wp-json\/wp\/v2\/posts"}],"about":[{"href":"http:\/\/zupnija-gomilsko.rkc.si\/journal\/wp-json\/wp\/v2\/types\/post"}],"author":[{"embeddable":true,"href":"http:\/\/zupnija-gomilsko.rkc.si\/journal\/wp-json\/wp\/v2\/users\/1"}],"replies":[{"embeddable":true,"href":"http:\/\/zupnija-gomilsko.rkc.si\/journal\/wp-json\/wp\/v2\/comments?post=9366"}],"version-history":[{"count":1,"href":"http:\/\/zupnija-gomilsko.rkc.si\/journal\/wp-json\/wp\/v2\/posts\/9366\/revisions"}],"predecessor-version":[{"id":9367,"href":"http:\/\/zupnija-gomilsko.rkc.si\/journal\/wp-json\/wp\/v2\/posts\/9366\/revisions\/9367"}],"wp:attachment":[{"href":"http:\/\/zupnija-gomilsko.rkc.si\/journal\/wp-json\/wp\/v2\/media?parent=9366"}],"wp:term":[{"taxonomy":"category","embeddable":true,"href":"http:\/\/zupnija-gomilsko.rkc.si\/journal\/wp-json\/wp\/v2\/categories?post=9366"},{"taxonomy":"post_tag","embeddable":true,"href":"http:\/\/zupnija-gomilsko.rkc.si\/journal\/wp-json\/wp\/v2\/tags?post=9366"}],"curies":[{"name":"wp","href":"https:\/\/api.w.org\/{rel}","templated":true}]}}