
{"id":9376,"date":"2020-10-11T00:08:02","date_gmt":"2020-10-11T00:08:02","guid":{"rendered":"http:\/\/zupnija-gomilsko.rkc.si\/journal\/?p=9376"},"modified":"2020-09-30T00:58:19","modified_gmt":"2020-09-30T00:58:19","slug":"6emes-rencontres-de-la-performance-energetique-3","status":"publish","type":"post","link":"http:\/\/zupnija-gomilsko.rkc.si\/journal\/2020\/10\/11\/6emes-rencontres-de-la-performance-energetique-3\/","title":{"rendered":"6\u00e8mes Rencontres De La Performance \u00c9nerg\u00e9tique"},"content":{"rendered":"<p>  Communiqu\u00e9 de presse Les pistes de Coenove pour renforcer lattractivit\u00e9 de la r\u00e9novation \u00e9nerg\u00e9tique 18.02.2018-Le p\u00f4le technologique Sud Champagne est le b\u00e2timent totem de linnovation, au c\u0153ur de l\u00e9cosyst\u00e8me des Mat\u00e9riaux en Haute-Marne. 12h10 : Table-ronde-Qualit\u00e9 et confort dusage vs. Performance environnementale : une \u00e9quation impossible? 6\u00e8me Rencontres Professionnelles de la CAPEB Loiret 29 Entretien r\u00e9alis\u00e9 le 25 f\u00e9vrier 2013, code CB_MOA_20130225 <img decoding=\"async\" src=\"http:\/\/www.valeurenergiebretagne.fr\/wp-content\/uploads\/2012\/04\/CP_rencontre_technique_THT_24avril2012.pdf-Adobe-Reader.png\" alt=\"6\u00e8mes rencontres de la performance \u00e9nerg\u00e9tique\" align=\"right\"> Les Communes foresti\u00e8res Provence-Alpes-C\u00f4te dAzur recrutent une charg\u00e9e de mission Bois Energie. Foresti\u00e8res des Hautes Alpes animent la Mission R\u00e9gionale Bois Energie depuis 2004. \u039e\u03b7\u03c1\u03bf\u03cd \u03c4\u03cd\u03c0\u03bf\u03c5 \u03b5\u03ba\u03c6\u03cd\u03bb\u03b9\u03c3\u03b7 \u03c4\u03b7\u03c2 \u03c9\u03c7\u03c1\u03ac\u03c2 \u03ba\u03b7\u03bb\u03af\u03b4\u03b1\u03c2 9,50 \u03b8\u03b5\u03c3\u03c3\u03b1\u03bb\u03bf\u03bd\u03af\u03ba\u03b7 \u03c4\u03af\u03c1\u03b1\u03bd\u03b1 \u03bb\u03b5\u03c9\u03c6\u03bf\u03c1\u03b5\u03af\u03bf \u03ba\u03b1\u03c4\u03b1\u03c3\u03c7\u03b5\u03bc\u03b5\u03bd\u03b1 \u03b1\u03c5\u03c4\u03bf\u03ba\u03b9\u03bd\u03b7\u03c4\u03b1 \u03c4\u03c1\u03b1\u03c0\u03b5\u03b6\u03b1\u03c2 \u03c0\u03b5\u03b9\u03c1\u03b1\u03b9\u03c9\u03c2 2016 \u0391\u039c\u0395\u03a3\u0391 \u0394\u0399\u0391\u0398\u0395\u03a3\u0399\u039c\u039f&#8212;&#8212;&#8212;&#8212;&#8212;&#8212;&#8212;&#8212;&#8212;&#8212;&#8212;&#8212;&#8212;&#8212;&#8212;&#8212;&#8212;&#8212;&#8212;&#8212;&#8212;&#8212;&#8212;&#8212;&#8212;&#8212;-NOS PROCHAINS RENDEZ-VOUS Informations sur les mesures et d\u00e9cisions prises par Grenoble Ecole de Management Les Communes foresti\u00e8res invitaient le 4 juillet dernier, \u00e0 Sisteron, les ma\u00eetres douvrages de chaufferies bois et les entreprises qui assurent leur fonctionnement \u00e0 la r\u00e9union de bilan de la saison de chauffe 2018-2019. Une vingtaine de participants ont ainsi partag\u00e9 leurs exp\u00e9riences et pr\u00e9par\u00e9 la prochaine saison de chauffe dans les Hautes-Alpes et les Alpes de Haute-Provence. <img decoding=\"async\" src=\"http:\/\/cdn.pass-education.fr\/wp-content\/uploads\/images-fiches\/2017\/07\/img_reproduction-des-etres-humains-6eme-exercices-page-2.jpg\" alt=\"6\u00e8mes rencontres de la performance \u00e9nerg\u00e9tique\" align=\"center\"> Le Salon Bois Energie 2009 se tiendra \u00e0 Lons-le-Saunier du 2 au 5 avril 2009. Attention \u00e0 bien v\u00e9rifier pr\u00e9alablement les conditions d\u00e9ligibilit\u00e9s avant de d\u00e9clarer vos travaux suite aux changements du 1er septembre 2014.-la chaudi\u00e8re : pour comprendre le fonctionnement dune chaudi\u00e8re automatique, ses atouts et contraintes, lorganisation de linstallation et les quelques r\u00e8gles de base pour r\u00e9ussir son installation. Mobilit\u00e9 durable en copropri\u00e9t\u00e9 : bornes de recharge, locaux \u00e0 v\u00e9los, etc  <img decoding=\"async\" src=\"http:\/\/img.voi.pmdstatic.net\/fit\/http.3A.2F.2Fprd2-bone-image.2Es3-website-eu-west-1.2Eamazonaws.2Ecom.2Fvoi.2F2018.2F01.2F24.2Fbed336d0-23c5-4e85-8e59-21cf4ff55ea9.2Ejpeg\/1237x693\/quality\/80\/voi.jpg\" alt=\"6\u00e8mes rencontres de la performance \u00e9nerg\u00e9tique\" align=\"right\"> B\u00e2timents BBC neufs ou r\u00e9nov\u00e9s : les conditions du d\u00e9ploiement de la performance \u00e9nerg\u00e9tique, les enseignements de campagnes de mesures.<\/p>\n","protected":false},"excerpt":{"rendered":"<p>6\u00e8mes rencontres de la performance \u00e9nerg\u00e9tique<\/p>\n","protected":false},"author":1,"featured_media":0,"comment_status":"closed","ping_status":"closed","sticky":false,"template":"","format":"standard","meta":{"footnotes":""},"categories":[1],"tags":[],"_links":{"self":[{"href":"http:\/\/zupnija-gomilsko.rkc.si\/journal\/wp-json\/wp\/v2\/posts\/9376"}],"collection":[{"href":"http:\/\/zupnija-gomilsko.rkc.si\/journal\/wp-json\/wp\/v2\/posts"}],"about":[{"href":"http:\/\/zupnija-gomilsko.rkc.si\/journal\/wp-json\/wp\/v2\/types\/post"}],"author":[{"embeddable":true,"href":"http:\/\/zupnija-gomilsko.rkc.si\/journal\/wp-json\/wp\/v2\/users\/1"}],"replies":[{"embeddable":true,"href":"http:\/\/zupnija-gomilsko.rkc.si\/journal\/wp-json\/wp\/v2\/comments?post=9376"}],"version-history":[{"count":1,"href":"http:\/\/zupnija-gomilsko.rkc.si\/journal\/wp-json\/wp\/v2\/posts\/9376\/revisions"}],"predecessor-version":[{"id":9377,"href":"http:\/\/zupnija-gomilsko.rkc.si\/journal\/wp-json\/wp\/v2\/posts\/9376\/revisions\/9377"}],"wp:attachment":[{"href":"http:\/\/zupnija-gomilsko.rkc.si\/journal\/wp-json\/wp\/v2\/media?parent=9376"}],"wp:term":[{"taxonomy":"category","embeddable":true,"href":"http:\/\/zupnija-gomilsko.rkc.si\/journal\/wp-json\/wp\/v2\/categories?post=9376"},{"taxonomy":"post_tag","embeddable":true,"href":"http:\/\/zupnija-gomilsko.rkc.si\/journal\/wp-json\/wp\/v2\/tags?post=9376"}],"curies":[{"name":"wp","href":"https:\/\/api.w.org\/{rel}","templated":true}]}}