
{"id":9384,"date":"2020-10-11T12:08:26","date_gmt":"2020-10-11T12:08:26","guid":{"rendered":"http:\/\/zupnija-gomilsko.rkc.si\/journal\/?p=9384"},"modified":"2020-09-30T01:22:40","modified_gmt":"2020-09-30T01:22:40","slug":"prostituees-charleville-3","status":"publish","type":"post","link":"http:\/\/zupnija-gomilsko.rkc.si\/journal\/2020\/10\/11\/prostituees-charleville-3\/","title":{"rendered":"Prostitu\u00e9es Charleville"},"content":{"rendered":"<p><img decoding=\"async\" src=\"http:\/\/media.nrj.fr\/436x327\/2012\/06\/abstinence_573107.jpg\" alt=\"prostitu\u00e9es charleville\" align=\"right\"> Mise \u00e0 jour de votre navigateur La version de votre navigateur nest pas \u00e0 jour Que pensez-vous des \u00e9missions de t\u00e9l\u00e9r\u00e9alit\u00e9 comme Lamour est dans le pr\u00e9? Un r\u00e9seau de prostitution de travestis d\u00e9mantel\u00e9, avec des prostitu\u00e9es de Troyes-Champagne FM : m\u00e9daille des, auszeichnung f\u00fcr den Frieden und den Dialog zwischen den V\u00f6lkern m\u00e9daille honorifique de l de, distinction d\u00e9cern\u00e9e pour la paix et le dialogue entre les peuples. Cyril Hanouna remerci\u00e9 par le pr\u00e9sident de la SPA et le ministre de lAgriculture pour son engagement pour le bien-\u00eatre animal-Ce soir chez Baba, le 14 avril 2020, sur C8 Pour lire la suite de cet article, cr\u00e9ez un compte gratuit  Ce que je naime pas \u00e0 Charleville-M\u00e9zi\u00e8res : Rien nest organis\u00e9 en \u00e9t\u00e9. La ville est la plus importante du d\u00e9partement cependant il ny a rien sur la place principale qui est la place ducale. Les activit\u00e9s culturelles sont dans les villes voisines. On me dit que je vis dans la capitale mondiale de la marionnette mais je ne vois aucun spectacle dans les rues en dehors du festival une fois tous les deux ans. Il y a parfois des spectacles mais \u00e0 l\u00e9cole de la marionnette. Ce nest pas tr\u00e8s populaire ni vivant sil faut se rendre dans des institutions afin de pouvoir b\u00e9n\u00e9ficier dune spectacle. La remarque vaut \u00e9galement pour la musique. Les concerts nont que tr\u00e8s rarement lieu dans des caf\u00e9s et pour les concerts de jazz, cest au th\u00e9\u00e2tre ou au conservatoire. En ce qui me concerne, je trouve encore une fois que lon retire le c\u00f4t\u00e9 populaire et que les gens dont ce nest pas la culture niront pas au conservatoire car ils penseront que ce nest pas pour eux. Labsence de concerts dans les caf\u00e9s nest pas \u00e0 mettre sur le compte de la taille de la ville comme on me le dit souvent mais sur le manque de volont\u00e9 de ceux qui pourraient organiser cela car il y a plein de tr\u00e8s bons musiciens ici. Cest tr\u00e8s dommage. Concernant la population, je regrette de le dire mais les gens sont froids. Ici, il est de bon ton de critiquer les gens de reims. Je constate seulement que je me suis fait plein damis \u00e0 reims mais pas ici. Concernant les structures culturelles, la m\u00e9diath\u00e8que est ferm\u00e9e depuis des mois. Quant au cin\u00e9ma, il est class\u00e9 art et essai mais parce quil y a de temps en temps des projections de court m\u00e9trages. <img decoding=\"async\" src=\"http:\/\/www.antilles-mizik.com\/boutique\/images\/ABIDJAN-EN-FEU_Vol5_2.jpg\" alt=\"prostitu\u00e9es charleville\" align=\"center\"> L \u00e9tat de la chambre : sale! Pas entretenue! L \u00e9tat des draps : t\u00e2ches suspectes! \u00c9tat g\u00e9n\u00e9ral de lh\u00f4tel : n\u00e9glig\u00e9! Mon \u00e9tat apr\u00e8s cette nuit : fatigu\u00e9e, et je me sent sale! Je veux rentrer chez moi! Beaucoup de messieurs qui toquaient \u00e0 ma porte! Jai d\u00fb \u00e9teindre la t\u00e9l\u00e9 et toutes lumi\u00e8res \u00e0 21h30! SeulE en d\u00e9placement professionnel, je n\u00e9tais vraiment pas rassur\u00e9e! Je priais pour que ma porte ne souvre pas! Lh\u00f4tel participe \u00e0 un r\u00e9seau de prostitution! Passez votre chemin! Exclu-Cartman au micro de Purepeople.com. Mars 2020. Fils dun cultivateur de dune m\u00e8re au foyer, L\u00e9on Troclet naquit dans la province du Luxembourg, \u00e0 quelques kilom\u00e8tres de la fronti\u00e8re. Il arriva dans les Ardennes en 1885. Apprenti couvreur \u00e0 Nouzon, il exerce ensuite son m\u00e9tier \u00e0 Charleville. \u00c9ventuelles r\u00e9actions clic ou achat, dans le but d\u00e9valuer, de comprendre et de rendre compte de votre Un appartement d\u00e9di\u00e9 au deal de drogue d\u00e9mantel\u00e9 \u00e0 Charleville-M\u00e9zi\u00e8res Hey, moi cest Malik, jai 21 ans et je vie sur charleville-M\u00e9zi\u00e8res. Voil\u00e0 un lieu qui nen finit pas de sagrandir. A lheure o\u00f9 vous lirez.. 31 mars 10h-15h : Action de d\u00e9pistage via le TROD, ABES B\u00e9ziers <img decoding=\"async\" src=\"http:\/\/florencehinckel.com\/blog\/wp-content\/uploads\/2015\/10\/troyes.jpg\" alt=\"prostitu\u00e9es charleville\" align=\"center\">  17 f\u00e9vrier 8h-12h : Journ\u00e9e de d\u00e9pistage VHC-VIH, aux Restos du C\u0153ur 34 Bd Bou\u00e8s, 13003 Marseille. .<\/p>\n","protected":false},"excerpt":{"rendered":"<p>prostitu\u00e9es charleville<\/p>\n","protected":false},"author":1,"featured_media":0,"comment_status":"closed","ping_status":"closed","sticky":false,"template":"","format":"standard","meta":{"footnotes":""},"categories":[1],"tags":[],"_links":{"self":[{"href":"http:\/\/zupnija-gomilsko.rkc.si\/journal\/wp-json\/wp\/v2\/posts\/9384"}],"collection":[{"href":"http:\/\/zupnija-gomilsko.rkc.si\/journal\/wp-json\/wp\/v2\/posts"}],"about":[{"href":"http:\/\/zupnija-gomilsko.rkc.si\/journal\/wp-json\/wp\/v2\/types\/post"}],"author":[{"embeddable":true,"href":"http:\/\/zupnija-gomilsko.rkc.si\/journal\/wp-json\/wp\/v2\/users\/1"}],"replies":[{"embeddable":true,"href":"http:\/\/zupnija-gomilsko.rkc.si\/journal\/wp-json\/wp\/v2\/comments?post=9384"}],"version-history":[{"count":1,"href":"http:\/\/zupnija-gomilsko.rkc.si\/journal\/wp-json\/wp\/v2\/posts\/9384\/revisions"}],"predecessor-version":[{"id":9385,"href":"http:\/\/zupnija-gomilsko.rkc.si\/journal\/wp-json\/wp\/v2\/posts\/9384\/revisions\/9385"}],"wp:attachment":[{"href":"http:\/\/zupnija-gomilsko.rkc.si\/journal\/wp-json\/wp\/v2\/media?parent=9384"}],"wp:term":[{"taxonomy":"category","embeddable":true,"href":"http:\/\/zupnija-gomilsko.rkc.si\/journal\/wp-json\/wp\/v2\/categories?post=9384"},{"taxonomy":"post_tag","embeddable":true,"href":"http:\/\/zupnija-gomilsko.rkc.si\/journal\/wp-json\/wp\/v2\/tags?post=9384"}],"curies":[{"name":"wp","href":"https:\/\/api.w.org\/{rel}","templated":true}]}}