
{"id":9390,"date":"2020-10-11T12:23:01","date_gmt":"2020-10-11T12:23:01","guid":{"rendered":"http:\/\/zupnija-gomilsko.rkc.si\/journal\/?p=9390"},"modified":"2020-09-30T01:31:40","modified_gmt":"2020-09-30T01:31:40","slug":"rencontre-ethnologie-et-cinema-3","status":"publish","type":"post","link":"http:\/\/zupnija-gomilsko.rkc.si\/journal\/2020\/10\/11\/rencontre-ethnologie-et-cinema-3\/","title":{"rendered":"Rencontre Ethnologie Et Cin\u00e9ma"},"content":{"rendered":"<p>12 juin \u00e0 21h, 13 juin \u00e0 5h, 10h et 20h, 14 juin \u00e0 13h et 21h Attraversare Roma, Aude Fourel-Italie-2013-20 argentique. Se donner la possibilit\u00e9 de d\u00e9couvrir, d\u00eatre embarqu\u00e9, d\u00e9largir le projet \u00e9labor\u00e9 constituent pour nous un atout m\u00e9thodologique. On apprend beaucoup de ces moments que lon na pas pr\u00e9vus. Nous utilisons le terme hasard dans le sens o\u00f9 Howard Becker dans Les ficelles du m\u00e9tier 2003 emploie la notion de co\u00efncidence, cest-\u00e0-dire \u00e0 penser \u00e0 ce type de d\u00e9pendances que les \u00e9v\u00e9nements entretiennent entre eux en termes de contingences Grani\u00e9, 2005, p 151. 3. Terroir, territoire, Aubrac : Je vais voir mes vaches 2009 : Une histoire de territoire et d\u00e9motions Comit\u00e9 dAction des Prisonniers, \u00e9crivain autodidacte et militant libertaire. Devant la cam\u00e9ra  Nous sommes heureux de vous accueillir sur le campus Carlone dUniversit\u00e9 C\u00f4te dAzur. Campus au c\u0153ur de la cr\u00e9ation et de la diffusion des savoirs. Fort de 6 200 \u00e9tudiants, de 350 enseignants, chercheurs et enseignants-chercheurs et de 90 personnels IATSS il refl\u00e8te la diversit\u00e9 des pens\u00e9es et des cultures. Projection suivie du court-m\u00e9trage Blocus 138 La R\u00e9sistance innue et dune rencontre avec Fiore LONGO, directrice de lassociation Survival International France mouvement mondial pour les peuples autochtones. <img decoding=\"async\" src=\"http:\/\/www.ethnographiques.org\/IMG\/jpg\/8._Tournage_Chine_audit_Ford_chez_sous-traitant.jpg\" alt=\"rencontre ethnologie et cin\u00e9ma\" align=\"center\">  Chasseurs de virus et observateurs doiseaux aux fronti\u00e8res de la Chine <img decoding=\"async\" src=\"http:\/\/www.festival-ouidah.org\/PROCHAINE-EDITION\/EDITIONS-2011\/image_157.gif\" alt=\"rencontre ethnologie et cin\u00e9ma\" align=\"right\"> Ses r\u00e9flexions et ses travaux int\u00e9ressent de plus en plus le monde \u00e9conomique et social sur les processus de linnovation et du management des groupes autour du concept dAnthroprise Un Pal\u00e9oanthropologue dans lEntreprise Eyrolles 2011. Il est associ\u00e9 \u00e0 lAPM, \u00e0 lAcad\u00e9mie des Entrepreneurs et \u00e0 la Fabrique de lIndustrie. Ses travaux r\u00e9cents d\u00e9crivent comment, de la Pr\u00e9histoire \u00e0 demain, les m\u00eames m\u00e9canismes adaptatifs font que lHomme ne survit que par ses entreprises.  FUN\u00c9RAILLES \u00c0 BONGO DU VIEIL ANAI Mali, en co-r\u00e9alisation avec Germaine Dieterlen. \u00c9cole des hautes \u00e9tudes en sciences sociales EHESS Conseil d\u00e9p. De la Manche, arch D\u00e9p. 57 FI 302, fonds Gustave Gain : Les Clameurs dAmani 35 min. Quatri\u00e8me ann\u00e9e du Sigui. Interrog\u00e9 par le chef de Bongo, le renard p\u00e2le donne la route du Sigui dAmani. Pr\u00e9c\u00e9d\u00e9 par les anciens, les hommes du Sigui commencent un itin\u00e9raire sinueux avant dentrer sur la place rituelle. Vous avez un acc\u00e8s via le site web et via lapp \u00e0 la version num\u00e9rique des magazines Le VifLExpress, Trends-Tendances FN, Sportmagazine FN et Knack Influenc\u00e9 par et, Jean Rouch est lun des p\u00e8res fondateurs du cin\u00e9ma-v\u00e9rit\u00e9. Il est une source dinspiration et une constante r\u00e9f\u00e9rence pour les r\u00e9alisateurs de la. Pr\u00e9sident de la pendant cinq ans entre 1986 et 1991, il est en, \u00e0 Berlin, laur\u00e9at du, pour son film Madame leau. Son \u0153uvre, couronn\u00e9e par de nombreuses r\u00e9compenses prestigieuses, sinscrit dans lhistoire du,. Un admirateur de Rouch, pose cette question : Jean Rouch na pas vol\u00e9 son titre de carte de visite : charg\u00e9 de recherche au Mus\u00e9e de lhomme. Existe-t-il une plus belle d\u00e9finition du cin\u00e9aste. Enregistrer mon nom, mon e-mail et mon site web dans le navigateur pour mon prochain commentaire. <img decoding=\"async\" src=\"http:\/\/www.subject.serenitynowmassagetherapy.com\/img\/400\/58c124544c45c-natura84-chauffagiste-avignon-84000-1-400.jpg\" alt=\"rencontre ethnologie et cin\u00e9ma\" align=\"center\"> Equipe Ethnologie et Cin\u00e9ma Maison des Sciences de lHomme-Alpes Grenoble 14h55. Lexp\u00e9rience des op\u00e9rat eurs et les facteurs socio-culturels dans le d\u00e9veloppement international : Ghislaine Boyer, Charg\u00e9e de projets et Assistante de direction de SOS M\u00e9diterran\u00e9e \u00e0 Marseille.<\/p>\n","protected":false},"excerpt":{"rendered":"<p>rencontre ethnologie et cin\u00e9ma<\/p>\n","protected":false},"author":1,"featured_media":0,"comment_status":"closed","ping_status":"closed","sticky":false,"template":"","format":"standard","meta":{"footnotes":""},"categories":[1],"tags":[],"_links":{"self":[{"href":"http:\/\/zupnija-gomilsko.rkc.si\/journal\/wp-json\/wp\/v2\/posts\/9390"}],"collection":[{"href":"http:\/\/zupnija-gomilsko.rkc.si\/journal\/wp-json\/wp\/v2\/posts"}],"about":[{"href":"http:\/\/zupnija-gomilsko.rkc.si\/journal\/wp-json\/wp\/v2\/types\/post"}],"author":[{"embeddable":true,"href":"http:\/\/zupnija-gomilsko.rkc.si\/journal\/wp-json\/wp\/v2\/users\/1"}],"replies":[{"embeddable":true,"href":"http:\/\/zupnija-gomilsko.rkc.si\/journal\/wp-json\/wp\/v2\/comments?post=9390"}],"version-history":[{"count":1,"href":"http:\/\/zupnija-gomilsko.rkc.si\/journal\/wp-json\/wp\/v2\/posts\/9390\/revisions"}],"predecessor-version":[{"id":9391,"href":"http:\/\/zupnija-gomilsko.rkc.si\/journal\/wp-json\/wp\/v2\/posts\/9390\/revisions\/9391"}],"wp:attachment":[{"href":"http:\/\/zupnija-gomilsko.rkc.si\/journal\/wp-json\/wp\/v2\/media?parent=9390"}],"wp:term":[{"taxonomy":"category","embeddable":true,"href":"http:\/\/zupnija-gomilsko.rkc.si\/journal\/wp-json\/wp\/v2\/categories?post=9390"},{"taxonomy":"post_tag","embeddable":true,"href":"http:\/\/zupnija-gomilsko.rkc.si\/journal\/wp-json\/wp\/v2\/tags?post=9390"}],"curies":[{"name":"wp","href":"https:\/\/api.w.org\/{rel}","templated":true}]}}