
{"id":9416,"date":"2020-10-11T09:06:07","date_gmt":"2020-10-11T09:06:07","guid":{"rendered":"http:\/\/zupnija-gomilsko.rkc.si\/journal\/?p=9416"},"modified":"2020-09-30T03:23:09","modified_gmt":"2020-09-30T03:23:09","slug":"hollande-rencontre-edwy-plenel-3","status":"publish","type":"post","link":"http:\/\/zupnija-gomilsko.rkc.si\/journal\/2020\/10\/11\/hollande-rencontre-edwy-plenel-3\/","title":{"rendered":"Hollande Rencontre Edwy Plenel"},"content":{"rendered":"<p>La fr\u00e9quentation de 20 Minutes est certifi\u00e9e par lACPM Invit\u00e9 par la Soci\u00e9t\u00e9 civile des personnels de Lib\u00e9ration SCPL, actionnaire \u00e0 18,4 \u00e0 d\u00e9voiler son projet aux salari\u00e9s du quotidien, r\u00e9unis en assembl\u00e9e g\u00e9n\u00e9rale, vendredi 13 octobre, Edwy Plenel a pr\u00e9sent\u00e9 ce quil souhaitait \u00eatre non pas un plan de relance mais une m\u00e9thode, selon des sources concordantes. Maire de Grande Synthe, pionnier du mod\u00e8le de ville durable en transition, Damien Car\u00eame na quun objectif en t\u00eate : le bien-\u00eatre de ses habitants Et.. En 1969, le jeune Edwy Plenel sengage \u00e0 la Ligue Communiste R\u00e9volutionnaire dAlain Krivine. Il devient rapidement responsable de la cellule du quartier latin, ainsi que du secteur CET Jeune. Entre 1970 et 1978, date de son service militaire, Edwy Plenel ne vit que dans et pour la LCR. Il la quitte, officiellement, entre 1979 et 1980. En juillet 1985, il intervient \u00e0 un stage de jeunes trotskistes, mais, cette fois-ci, en tant quinvit\u00e9 ext\u00e9rieur. Cependant, ses liens avec Alain Krivine ne se d\u00e9mentiront jamais. <img decoding=\"async\" src=\"http:\/\/img.over-blog-kiwi.com\/0\/93\/45\/04\/20180521\/ob_879b45_32932625-1081540375320119-833389559273.jpg\" alt=\"hollande rencontre edwy plenel\" align=\"center\">  Deux jours plus tard, invit\u00e9 de et interrog\u00e9 sur la caricature de en une du qui fait suite \u00e0 l, il \u00e9lude, estiment et, la question quon lui pose, \u00e0 savoir sil la trouve choquante,. Le journaliste estime \u00e9galement quil y a un paradoxe dans sa position sur Charlie Hebdo : A lentendre on devine que seul M\u00e9diapart fait bien son travail, M\u00e9diapart est partout au courant de tout, dans toutes les affaires\u00e0 scandale r\u00e9publicain mais il fait, me semble t-il, de la r\u00e9tention dinformation pas ill\u00e9gale certes mais il sait plus quil nen dit&#8230;Ensuite il nous explique que depuis le 6 d\u00e9cembre le pouvoir savait et jen suis persuad\u00e9 et l\u00e0 on sent quil prot\u00e8ge son ami Hollande pourtant si on est juste Hollande comme Ayrault, comme Moscovici, comme Valls savait&#8230;Dommage car son enqu\u00eate est tr\u00e8s utile!! Tout changea au d\u00e9but de lhiver. Le monsieur petites blagues qui couvrait la France de ridicule durant son mandat trouva ses marques dans l\u00e9mission. Le Tout-Paris commentait les audiences, excellentes, de Touche pas \u00e0 mon poste. On apprit par une indiscr\u00e9tion de Mediapart que Hollande, dans cette \u00e9mission \u00e0 gros budget o\u00f9 dinsignifiants chroniqueurs venaient palper des ch\u00e8ques \u00e0 limportance inversement proportionnelle \u00e0 leur talent, reversait lint\u00e9gralit\u00e9 de ses gains \u00e0 des associations daide aux femmes battues et \u00e0 sa fondation, La France sengage. Dimportants mouvements sociaux mena\u00e7aient la coh\u00e9sion nationale et un soir, la nouvelle vedette de t\u00e9l\u00e9vision sermonna en direct le leader dune des poches de la contestation. Ce dernier \u00e9tait chauffeur routier, mena\u00e7ait de renverser la R\u00e9publique \u00e0 qui il reprochait de lasphyxier de taxes, de contr\u00f4les, de normes et de permettre \u00e0 une \u00e9lite privil\u00e9gi\u00e9e de vivre aux crochets des travailleurs pr\u00e9caris\u00e9s. La le\u00e7on fut cinglante : de Cr\u00e9puscule de relever : Explosant les opaques fronti\u00e8res jusquici dessin\u00e9es au nom de lintimit\u00e9 par une presse compromise et domin\u00e9e, le texte qui a rompu les fronti\u00e8res classiques de loligarchie, Mini, oeuvre de deux journalistes dinvestigation Jean-Michel D\u00e9cugis et Marc Leplongeon et dune romanci\u00e8re Pauline Gu\u00e9na, mettait \u00e9trangement en lumi\u00e8re, \u00e0 la rentr\u00e9e 2018, une des principales pi\u00e8ces de la fabrique du consentement qui a permis la victoire dEmmanuel Macron, \u00e0 travers Les clich\u00e9s sont pass\u00e9s au crible dans le portrait tr\u00e8s complet de ce Machiavel souriant. Les pr\u00e9c\u00e9dents face \u00e0 face entre Nicolas Sarkozy et Fran\u00e7ois Hollande Merci pour votre commentaire. Il sera visible prochainement sous r\u00e9serve de validation. <img decoding=\"async\" src=\"http:\/\/www.grands-reporters.com\/local\/cache-vignettes\/L210xH141\/arton1462-e0f09.jpg\" alt=\"hollande rencontre edwy plenel\" align=\"left\"> Mon minist\u00e8re nest en aucun cas lennemi des outre-mer A propos de Mediapart et de quelques illusions MEDIA-Quand nous pensons appartenir au camp du Bien, nous avons besoin de croire quEdwy Plenel est plus ind\u00e9pendant que dautres journalistes. Ces pr\u00e9jug\u00e9s sont parfois bien aveuglants.  R\u00e9\u00e9couter Classes populaires : les oubli\u00e9es de lhistoire? \u00e9couter 34 min 34 min <img decoding=\"async\" src=\"http:\/\/merlin.vogue.fr\/uploads\/images\/201812\/14\/000_8u386_jpg_8816.jpg\" alt=\"hollande rencontre edwy plenel\" align=\"center\"> M. Moscovici mais aussi les ministres de lInt\u00e9rieur, Manuel Valls, et de la Justice, Christiane Taubira, ainsi que J\u00e9r\u00f4me Cahuzac seront entendus par la commission. Lib\u00e9ration doit assumer son identit\u00e9 de quotidien de gauche. Sans \u00eatre un journal dopinion, on peut \u00eatre un quotidien de combat contre Nicolas Sarkozy, a-t-il indiqu\u00e9, dapr\u00e8s plusieurs sources. Sopposant au mod\u00e8le du quotidien-magazine, il a estim\u00e9 quun journal tel que Lib\u00e9ration devait \u00eatre centr\u00e9 sur lactualit\u00e9. Citant comme r\u00e9f\u00e9rence Le Parisien et la presse anglo-saxonne, il a propos\u00e9 de cr\u00e9er un quotidien tr\u00e8s resserr\u00e9, mobile, cultivant sa diff\u00e9rence et imposant son propre calendrier. \u00c0, Jeanne, de guerre lasse. Chroniques de ce temps, Paris, Don Quichotte, 2017. Dans une enqu\u00eate publi\u00e9e vendredi 19 octobre, Mediapart r\u00e9v\u00e8le que le leader de la France insoumise entretient une relation avec sa communicante et directrice de Mediascop, la soci\u00e9t\u00e9 vis\u00e9e par une enqu\u00eate sur les comptes de campagne. Le journaliste Edwy Plenel, directeur du site Mediapart, le 7 janvier 2013 \u00e0 Paris CITIZENSIDE.COM AFP \u00c0 loppos\u00e9, Edwy Plenel est lauteur dun m\u00e9morable loup\u00e9 : \u00e0 l\u00e9t\u00e9 1991, \u00e0 loccasion dun voyage dun mois sur les traces du d\u00e9couvreur de lAm\u00e9rique, il \u00e9crit pour toute une s\u00e9rie darticles dont le titre est Voyage avec Colomb. Alors que cette s\u00e9rie se termine, le 24 e volet est pr\u00e9sent\u00e9 comme un scoop : Un scandale \u00e0 Panama. Plenel avance que, quelques ann\u00e9es plus t\u00f4t, le r\u00e9gime du comprendre largent de la drogue aurait financ\u00e9 le, notamment dans le cadre de la campagne de l. Des lettres sont produites, \u00e0 en-t\u00eate de l, dat\u00e9es de 1987. Dans les heures qui suivent la parution du Monde de ce 27 ao\u00fbt 1991, le PS d\u00e9ment formellement les all\u00e9gations de cet article, mais le rectificatif du journal nappara\u00eetra que le 5 septembre suivant : Le Monde y exprime son regret aupr\u00e8s des lecteurs et des divers int\u00e9ress\u00e9s davoir publi\u00e9 des informations non v\u00e9rifi\u00e9es. Et pour cause : les fameuses lettres se sont r\u00e9v\u00e9l\u00e9es \u00eatre des faux tr\u00e8s grossiers, Plenel nayant m\u00eame pas v\u00e9rifi\u00e9 que le signataire de celles-ci n\u00e9tait, depuis longtemps, d\u00e9j\u00e0 plus en poste \u00e0 lambassade de France du Panama. Commentant cette affaire, Plenel admet un coup dur : Jai oubli\u00e9 que j\u00e9tais journaliste. Je me croyais romancier. Crise au quotidien Le Monde Depuis cette date, Denis Robert consid\u00e8re que par mon interm\u00e9diaire, Le Monde a \u00e9touff\u00e9 laffaire des affaires, le scandale des scandales. Lensemble de la presse internationale de qualit\u00e9 et de r\u00e9f\u00e9rence, notamment la presse sp\u00e9cialis\u00e9e sur les questions financi\u00e8res, est arriv\u00e9e \u00e0 la m\u00eame conclusion que moi. En revanche, une bonne partie des m\u00e9dias fran\u00e7ais ont accord\u00e9 du cr\u00e9dit, de bonne foi, tout comme probablement Denis Robert et son \u00e9diteur lui-m\u00eame \u00e0 cette histoire. Nous utilisons des cookies pour vous garantir la meilleure exp\u00e9rience sur notre site web. Si vous continuez \u00e0 utiliser ce site, nous supposerons que vous en \u00eates satisfait.  En \u00e9cho \u00e0 lactualit\u00e9 r\u00e9cente, voici la Une de L\u00e9quipe.<\/p>\n","protected":false},"excerpt":{"rendered":"<p>hollande rencontre edwy plenel<\/p>\n","protected":false},"author":1,"featured_media":0,"comment_status":"closed","ping_status":"closed","sticky":false,"template":"","format":"standard","meta":{"footnotes":""},"categories":[1],"tags":[],"_links":{"self":[{"href":"http:\/\/zupnija-gomilsko.rkc.si\/journal\/wp-json\/wp\/v2\/posts\/9416"}],"collection":[{"href":"http:\/\/zupnija-gomilsko.rkc.si\/journal\/wp-json\/wp\/v2\/posts"}],"about":[{"href":"http:\/\/zupnija-gomilsko.rkc.si\/journal\/wp-json\/wp\/v2\/types\/post"}],"author":[{"embeddable":true,"href":"http:\/\/zupnija-gomilsko.rkc.si\/journal\/wp-json\/wp\/v2\/users\/1"}],"replies":[{"embeddable":true,"href":"http:\/\/zupnija-gomilsko.rkc.si\/journal\/wp-json\/wp\/v2\/comments?post=9416"}],"version-history":[{"count":1,"href":"http:\/\/zupnija-gomilsko.rkc.si\/journal\/wp-json\/wp\/v2\/posts\/9416\/revisions"}],"predecessor-version":[{"id":9417,"href":"http:\/\/zupnija-gomilsko.rkc.si\/journal\/wp-json\/wp\/v2\/posts\/9416\/revisions\/9417"}],"wp:attachment":[{"href":"http:\/\/zupnija-gomilsko.rkc.si\/journal\/wp-json\/wp\/v2\/media?parent=9416"}],"wp:term":[{"taxonomy":"category","embeddable":true,"href":"http:\/\/zupnija-gomilsko.rkc.si\/journal\/wp-json\/wp\/v2\/categories?post=9416"},{"taxonomy":"post_tag","embeddable":true,"href":"http:\/\/zupnija-gomilsko.rkc.si\/journal\/wp-json\/wp\/v2\/tags?post=9416"}],"curies":[{"name":"wp","href":"https:\/\/api.w.org\/{rel}","templated":true}]}}