
{"id":9430,"date":"2020-10-11T05:47:43","date_gmt":"2020-10-11T05:47:43","guid":{"rendered":"http:\/\/zupnija-gomilsko.rkc.si\/journal\/?p=9430"},"modified":"2020-09-30T04:32:12","modified_gmt":"2020-09-30T04:32:12","slug":"les-rencontres-professionnelles-de-danses-geneve-3","status":"publish","type":"post","link":"http:\/\/zupnija-gomilsko.rkc.si\/journal\/2020\/10\/11\/les-rencontres-professionnelles-de-danses-geneve-3\/","title":{"rendered":"Les Rencontres Professionnelles De Danses Gen\u00e8ve"},"content":{"rendered":"<p>Je ne veux pas me concentrer sur ce que je veux de mani\u00e8re trop contr\u00f4l\u00e9e : je jette des id\u00e9es en lair, je les marque sur un carnet, \u00e7a reste l\u00e0 un an, ou une semaine, et un jour \u00e7a se concr\u00e9tise. Le chor\u00e9graphe dAlias, Guilherme Botelho, est actuellement en cr\u00e9ation dans nos studios. Cest un projet unique dans son genre car il a d\u00e9cider de cr\u00e9er une pi\u00e8ce de masse, travaillant avec les danseurs des trois ann\u00e9es de la compagnie, soit un total de 44 danseurs! Les \u00e9l\u00e8ves sont dans quatre situations possibles, \u00e9ventuellement cumulatives : -Moyenavanc\u00e9, pour celles et ceux qui pratiquent la danse classique depuis plusieurs ann\u00e9es, mais ne suivent pas ou plus un entra\u00eenement r\u00e9gulier. Le cours se termine par quelques exercices de sauts. Le Ballet Junior de Gen\u00e8ve vous adresse pour la nouvelle ann\u00e9e! 2016 : Larboretum du Val des Dames de Gretz-Armainvilliers lhonore par la plantation dun arbre peuplier baumier de Chine le 22 octobre 2016 15h30 Transports publics gratuits pour attirer des touristes en Appenzell Aujourdhui, je re\u00e7ois Pauline Journ\u00e9 et Tarek A\u00eft Meddour. Comment remplir la fiche de dialogue pour lorientation \u00e0 lissue de la classe de 3e? Portables 4G iPhone et mobiles Android Site de rencontre doubs 25, Vendredi 11 Novembre gare du midi \u00e0 Biarritz s\u00e9ance de rattrapage c-gratuit Apr\u00e8s un parcours acad\u00e9mique au Conservatoire dAvignon, elle d\u00e9cide de lib\u00e9rer sa danse en explorant davantage le hip-hop. Rafi a \u00e9t\u00e9 invit\u00e9 \u00e0 participer \u00e0 de nombreux spectacles et galas \u00e0 travers lEurope, les USA et Isra\u00ebl. Il est \u00e9galement fr\u00e9quemment invit\u00e9 \u00e0 donner des workshops o\u00f9 il enseigne les chor\u00e9graphies de Mats Ek. D\u00e9couvrez la nouvelle \u00e9cole de danse Solidanse \u00e0 Longvic pr\u00e8s de Dijon en essayant gratuitement un cours de danse pendant le stage d\u00e9couverte qui aura lieu samedi 1er et dimanche 2 aout, au 21 rue ing\u00e9nieur. Sam. 0108 et dim. 0208 ModernJazz, Claquette Longvic 21600 Ticino Turismo a lanc\u00e9 une campagne qui mise sur le tourisme indig\u00e8ne. Elle sest ouverte avec des rabais all\u00e9chants r\u00e9serv\u00e9s aux Tessinois et les offres destin\u00e9es aux Romands et aux Al\u00e9maniques suivront. Regular na tiona l gatherings o f stu dent affairs a nd se rvi ces professionals occ ur in Au stralia.. Un cours pour des personnes ayant pratiqu\u00e9 au moins un an de danse. Vendredis \u00e0 19h15 avec Giuseppe Bucci Ils marchaient sans bruit dans le sable, le vent soufflait contin\u00fbment, le vent du d\u00e9sert, chaud le jour, froid la nuit. Ils avaient march\u00e9 ainsi pendant des mois, des ann\u00e9es peut-\u00eatre, certains \u00e9taient morts en route, dautres \u00e9taient n\u00e9s, s\u00e9taient mari\u00e9s. Mais c\u00e9tait le seul, le dernier pays libre, le pays o\u00f9 les lois des hommes navaient plus dimportance. Les danseurs du Ballet Junior de Gen\u00e8ve pr\u00e9senteront quatre spectacles pour les \u00e9l\u00e8ves du Cycle au th\u00e9\u00e2tre de la Cit\u00e9 Bleue. Le secteur de la parah\u00f4tellerie en Suisse se dit prudemment optimiste pour la prochaine saison estivale, apr\u00e8s avoir subi une panne compl\u00e8te depuis mi-mars, a indiqu\u00e9 jeudi Parah\u00f4tellerie Suisse. Lauteur, sociologue et danseur, sest immerg\u00e9 dans lunivers de la danse contemporaine pendant dix ans, partageant lactivit\u00e9 professionnelle des danseurs et danseuses enqu\u00eat\u00e9s, mais aussi tous les moments hors travail qui souvent prolongent une fa\u00e7on d\u00eatre artiste. Les auditions, lentra\u00eenement quotidien, le travail de cr\u00e9ation, le rapport \u00e0 la sc\u00e8ne sont ainsi analys\u00e9s de lint\u00e9rieur. Gr\u00e2ce aux tr\u00e8s nombreux t\u00e9moignages recueillis et \u00e0 une approche tr\u00e8s fine des trajectoires des personnes enqu\u00eat\u00e9es, cet ouvrage permet douvrir la bo\u00eete noire de la vocation, den montrer les recompositions tout au long des cycles professionnels travers\u00e9s, jusqu\u00e0 la sortie du m\u00e9tier.  A lire, la pour Le Temps et pour La Tribune de Gen\u00e8ve. Le prix sp\u00e9cial a \u00e9t\u00e9 donn\u00e9 au Th\u00e9\u00e2tre de S\u00e9velin et le Grand Prix \u00e0 Martin Schl\u00e4pfer directeur du Ballet de D\u00fcsseldorf.  <img decoding=\"async\" src=\"http:\/\/www.autrement-aujourdhui.ch\/useruploads\/images\/association\/flyer_f%C3%AAte_du_th%C3%A9%C3%A2tre-2016.jpg\" alt=\"les rencontres professionnelles de danses gen\u00e8ve\" align=\"center\"> Pauline Borreau a dans\u00e9 pendant 8 ans au Ballet du Capitole de Toulouse interpr\u00e9tant des r\u00f4les du r\u00e9pertoire classique et de divers chor\u00e9graphes dont George Balanchine et Nacho Duato. <img decoding=\"async\" src=\"http:\/\/www.lacompagnieurbaine.com\/wp-content\/uploads\/2017\/12\/centre_des_arts.jpg\" alt=\"les rencontres professionnelles de danses gen\u00e8ve\" align=\"right\"> <img decoding=\"async\" src=\"http:\/\/www.libanvision.com\/pub\/casting-Final.jpg\" alt=\"les rencontres professionnelles de danses gen\u00e8ve\" align=\"center\"> Cours enfants : portes ouvertes d\u00e8s le 26 novembre di Scu ol e di Dan za Dance S ch o ols Association, e tc.<\/p>\n","protected":false},"excerpt":{"rendered":"<p>les rencontres professionnelles de danses gen\u00e8ve<\/p>\n","protected":false},"author":1,"featured_media":0,"comment_status":"closed","ping_status":"closed","sticky":false,"template":"","format":"standard","meta":{"footnotes":""},"categories":[1],"tags":[],"_links":{"self":[{"href":"http:\/\/zupnija-gomilsko.rkc.si\/journal\/wp-json\/wp\/v2\/posts\/9430"}],"collection":[{"href":"http:\/\/zupnija-gomilsko.rkc.si\/journal\/wp-json\/wp\/v2\/posts"}],"about":[{"href":"http:\/\/zupnija-gomilsko.rkc.si\/journal\/wp-json\/wp\/v2\/types\/post"}],"author":[{"embeddable":true,"href":"http:\/\/zupnija-gomilsko.rkc.si\/journal\/wp-json\/wp\/v2\/users\/1"}],"replies":[{"embeddable":true,"href":"http:\/\/zupnija-gomilsko.rkc.si\/journal\/wp-json\/wp\/v2\/comments?post=9430"}],"version-history":[{"count":1,"href":"http:\/\/zupnija-gomilsko.rkc.si\/journal\/wp-json\/wp\/v2\/posts\/9430\/revisions"}],"predecessor-version":[{"id":9431,"href":"http:\/\/zupnija-gomilsko.rkc.si\/journal\/wp-json\/wp\/v2\/posts\/9430\/revisions\/9431"}],"wp:attachment":[{"href":"http:\/\/zupnija-gomilsko.rkc.si\/journal\/wp-json\/wp\/v2\/media?parent=9430"}],"wp:term":[{"taxonomy":"category","embeddable":true,"href":"http:\/\/zupnija-gomilsko.rkc.si\/journal\/wp-json\/wp\/v2\/categories?post=9430"},{"taxonomy":"post_tag","embeddable":true,"href":"http:\/\/zupnija-gomilsko.rkc.si\/journal\/wp-json\/wp\/v2\/tags?post=9430"}],"curies":[{"name":"wp","href":"https:\/\/api.w.org\/{rel}","templated":true}]}}