
{"id":9446,"date":"2020-10-11T13:35:35","date_gmt":"2020-10-11T13:35:35","guid":{"rendered":"http:\/\/zupnija-gomilsko.rkc.si\/journal\/?p=9446"},"modified":"2020-09-30T05:26:28","modified_gmt":"2020-09-30T05:26:28","slug":"rencontre-musicale-de-mediterranee-3","status":"publish","type":"post","link":"http:\/\/zupnija-gomilsko.rkc.si\/journal\/2020\/10\/11\/rencontre-musicale-de-mediterranee-3\/","title":{"rendered":"Rencontre Musicale De Mediterranee"},"content":{"rendered":"<p>Unit\u00e9s non employeuses pas de salari\u00e9 au cours de lann\u00e9e de r\u00e9f\u00e9rence et pas deffectif au 3112. <img decoding=\"async\" src=\"http:\/\/www.ecodafrik.com\/wp-content\/uploads\/2017\/09\/Cevital-620x330.jpg\" alt=\"rencontre musicale de mediterranee\" align=\"right\">  Amphith\u00e9\u00e2tre Cit\u00e9 de la musique William Beaucardet  Dionigi Albera, Pascal Amel, Kader Attia, Fethi Benslama, Enrico Donaggio, Thierry Fabre, Pierre Giannetti, Sadika Keskes, Driss Ksikes, Carla Makhlouf Obermeyer, Thierry Paquot, Henri de Pazzis, Titi Robin, Sana Tamzini, Mohamed Tozy, Hyam Yared textes Rencontres Musicales de M\u00e9diterran\u00e9e \u00e0 Bastia Attarab Un robot 3.0 de 3m de haut qui fait le show pour 120 invit\u00e9s dans de magnifiques locaux. Retour sur la soir\u00e9e du 24 mai en images et en vid\u00e9o. 9 On retrouve \u00e9galement la structure du rite en tant que ferment de cr\u00e9ation musicale chez le compositeur espagnol Enrique Mu\u00f1oz. Cest le cas de sa pi\u00e8ce Acordai 2016 dont il explique dans son article la po\u00e9tique et le fonctionnement. La pi\u00e8ce sinspire, en effet, dun rituel religieux et populaire portugais qui c\u00e9l\u00e8bre la m\u00e9moire des d\u00e9funts. La dramaturgie du rituel tient alors lieu dune strate formelle dans le d\u00e9ploiement de laquelle le compositeur espagnol ins\u00e8re de nouvelles mati\u00e8res sonores, tant\u00f4t l\u00e9g\u00e8res tant\u00f4t t\u00e9n\u00e9breuses, mais n\u00e9anmoins constamment ponctu\u00e9es par la sonorit\u00e9 c\u00e9leste de la viola beiroa portugaise. Le 29 avril, le Conseil f\u00e9d\u00e9ral a interdit la tenue de grandes manifestations de plus de 1000 visiteurs jusqu\u00e0 fin ao\u00fbt 2020. Retrouvez tous les po\u00e8tes invit\u00e9s, toutes les animations ainsi que les horaires, tarifs et informations pratiques des concerts sur : et sur Facebook Recevez chaque mois toute lactualit\u00e9 du CCR dAmbronay! Conservatoire de Milan Quintet instruments \u00e0 vents et le groupe corse U fiatu muntese You are on Twitter Mobile because you are using an old version of Internet Explorer. Learn more Les vagues montent, celle des changements climatiques, mais aussi celle de lenvie de changement. Le monde dapr\u00e8s arrive. Il arrive doucement, trop doucement, mais il arrive. 2\u00e8me partie : En formation symphonique, lensemble des musiciens et chanteurs des pays participants, interpr\u00e8te sous la direction de lun des chefs dorchestre invit\u00e9s \u00e0 la manifestation une pi\u00e8ce musicale traditionnelle ou contemporaine, corse. Toutes les explications pour bien naviguer sur l-invitu se trouvent sur la page du site.  la culture et par larchitecte Mahmoud Ismail, qui va faire une conf\u00e9rence sur larchitecture \u00e9gyptienne et islamique. Suivra la projection au Studio \u00e0 Bastia dun film, Le secret de Il sagissait ici du mat\u00e9riau musical traditionnel de nombreuses r\u00e9gions autour de la M\u00e9diterran\u00e9e, un mat\u00e9riau s\u00e9diment\u00e9 au fil de lhistoire, qui se voit aujourdhui mis en relation, en contraste, voire en conflit, avec un mat\u00e9riau neutralis\u00e9 qui tend \u00e0 envahir toutes les cultures. De plus, le fait que la plupart des compositeurs de la modernit\u00e9 aient aujourdhui int\u00e9gr\u00e9 des processus et \u00e9l\u00e9ments compositionnels du XXe si\u00e8cle g\u00e9n\u00e8re un certain nombre de frottements avec les mat\u00e9riaux issus de traditions plus anciennes. Le candidat est mis en situation de diriger un ensemble vocal d\u00e9fini et r\u00e9uni par lIESM. Les deux \u0153uvres impos\u00e9es, de styles diff\u00e9rents, sont affich\u00e9es sur le site de lIESM 5 semaines avant le jour de l\u00e9preuve : <img decoding=\"async\" src=\"http:\/\/www.play.bibchic.com\/photos\/00\/0008857-2749087-0.jpg\" alt=\"rencontre musicale de mediterranee\" align=\"center\"> Les \u00e9l\u00e8ves de terminale ont jusquau jeudi 2 avril pour finaliser leur dossier PARCOURSUP avec les \u00e9l\u00e9ments demand\u00e9s par les formations et pour confirmer chacun de leurs v\u0153ux. Se rep\u00e9rer dans lespace : construire des rep\u00e8res g\u00e9ographiques Des chansons de tavernes, des chansons li\u00e9es au travail, des comptines pour enfants, des berceuses, des chants religieux-comme le Stabat Mater de Sudanell, chant gr\u00e9gorien chant\u00e9 lors des processions de la Semaine Sainte datant du XIII\u00e8me si\u00e8cle-sont ainsi arriv\u00e9s jusqu\u00e0 nos jours et t\u00e9moignent de la richesse musicale pass\u00e9e. <img decoding=\"async\" src=\"http:\/\/www.mycorsica.com\/loisirs-corse\/2-12.jpg\" alt=\"rencontre musicale de mediterranee\" align=\"left\"> Le Festival a pour volont\u00e9 de rendre la po\u00e9sie accessible \u00e0 tous par la gratuit\u00e9, par la diversit\u00e9 des manifestations propos\u00e9es et par son installation dans les lieux du quotidien. Plus de 40 lieux sont en effet investis par le Festival : du quartier Haut au th\u00e9\u00e2tre de la Mer en passant par les places, les jardins publics ou priv\u00e9s, les rues et les canaux de S\u00e8te.<\/p>\n","protected":false},"excerpt":{"rendered":"<p>rencontre musicale de mediterranee<\/p>\n","protected":false},"author":1,"featured_media":0,"comment_status":"closed","ping_status":"closed","sticky":false,"template":"","format":"standard","meta":{"footnotes":""},"categories":[1],"tags":[],"_links":{"self":[{"href":"http:\/\/zupnija-gomilsko.rkc.si\/journal\/wp-json\/wp\/v2\/posts\/9446"}],"collection":[{"href":"http:\/\/zupnija-gomilsko.rkc.si\/journal\/wp-json\/wp\/v2\/posts"}],"about":[{"href":"http:\/\/zupnija-gomilsko.rkc.si\/journal\/wp-json\/wp\/v2\/types\/post"}],"author":[{"embeddable":true,"href":"http:\/\/zupnija-gomilsko.rkc.si\/journal\/wp-json\/wp\/v2\/users\/1"}],"replies":[{"embeddable":true,"href":"http:\/\/zupnija-gomilsko.rkc.si\/journal\/wp-json\/wp\/v2\/comments?post=9446"}],"version-history":[{"count":1,"href":"http:\/\/zupnija-gomilsko.rkc.si\/journal\/wp-json\/wp\/v2\/posts\/9446\/revisions"}],"predecessor-version":[{"id":9447,"href":"http:\/\/zupnija-gomilsko.rkc.si\/journal\/wp-json\/wp\/v2\/posts\/9446\/revisions\/9447"}],"wp:attachment":[{"href":"http:\/\/zupnija-gomilsko.rkc.si\/journal\/wp-json\/wp\/v2\/media?parent=9446"}],"wp:term":[{"taxonomy":"category","embeddable":true,"href":"http:\/\/zupnija-gomilsko.rkc.si\/journal\/wp-json\/wp\/v2\/categories?post=9446"},{"taxonomy":"post_tag","embeddable":true,"href":"http:\/\/zupnija-gomilsko.rkc.si\/journal\/wp-json\/wp\/v2\/tags?post=9446"}],"curies":[{"name":"wp","href":"https:\/\/api.w.org\/{rel}","templated":true}]}}