
{"id":9460,"date":"2020-10-11T23:52:59","date_gmt":"2020-10-11T23:52:59","guid":{"rendered":"http:\/\/zupnija-gomilsko.rkc.si\/journal\/?p=9460"},"modified":"2020-09-30T06:09:06","modified_gmt":"2020-09-30T06:09:06","slug":"rencontre-bd-campagne-3","status":"publish","type":"post","link":"http:\/\/zupnija-gomilsko.rkc.si\/journal\/2020\/10\/11\/rencontre-bd-campagne-3\/","title":{"rendered":"Rencontre Bd Campagne"},"content":{"rendered":"<p>Entre lectures \u00e0 voix haute ou adaptations anim\u00e9es, un grand nombre dalbums et de livres pour la jeunesse se d\u00e9clinent sur Internet. Shutterstock Biblioth\u00e8que num\u00e9rique des enfants : des classiques \u00e0 lire ou \u00e0 \u00e9couter en ligne El\u00e9onore Cartellier, Universit\u00e9 Et si demain, des enfants blonds aux yeux bleus naissaient dans des familles dorigine arabe, asiatique, africaine? Comment est-ce que la population, larm\u00e9e, les politiques, le gouvernement, les communaut\u00e9s religieuses r\u00e9agiraient? Comment est-ce que nous, nous r\u00e9agirions? Cette affaire na en rien arr\u00eat\u00e9 Christophe Castaner : au contraire, cette m\u00eame ann\u00e9e 1995, il lance sa carri\u00e8re politique \u00e0 Paris. Il devient directeur de cabinet de Tony Dreyfus, maire du 10e arrondissement, et conseiller technique de Catherine Trautmann, dont il deviendra chef de cabinet par la suite, avant den faire de m\u00eame aupr\u00e8s de Michel Sapin. Librairie Bulle 18h \u00e0 19h, d\u00e9dicace \u00e0 partir de 19h, rencontre  14h30. Quartier Lointain de Sam Gabarski avec Jir\u00f4 Taniguchi. Cest une cr\u00e9ature fascinante, \u00e0 la fois proche des cr\u00e9atures existantes dinosaures, reptiles tout en ayant des aptitudes fantastiques cracher le feu, voler. Cest int\u00e9ressant de voir comment ils apparaissent dans de multiples cultures et, surtout, comment ils sont per\u00e7us diff\u00e9remment : symbole de vie et de puissance en Asie, protecteur en Indon\u00e9sie, gardiens de tr\u00e9sor en Gr\u00e8ce antique, mal\u00e9fique en Europe m\u00e9di\u00e9vale Et puis, lHomme aime inventer des cr\u00e9atures fabuleuses sir\u00e8nes, griffons, se cr\u00e9er des mythologies, voyager et donc de les r\u00e9pandre \u00e0 travers le monde. Illustration in\u00e9dite pour les \u00e9dinautes ErkolSimonCosentino chez Kamiti Donc ma bd sur le Laos : Un Million d\u00c9l\u00e9phants est dans toutes les bonnes librairies depuis le 3 janvier 2017! Je vais donc vous faire un petit bilan de sa sortie, vu quon est d\u00e9j\u00e0 presque 4 mois apr\u00e8s! O_o La direction artistique des \u00e9venements est confi\u00e9e \u00e0 Cr\u00e9atureS compagnie. \u00c0 14h00 CARTE BLANCHE AFRICAJARC-courts m\u00e9trages africains \u00e0 17h30 APERO-CINE Les cin\u00e9mas dAfrique \u00e0 19h00 K : ISSUE SANS SECOURS \u00e0 21h15 Nous aurons aussi un temps d\u00e9change ensemble et avec notre invit\u00e9 Vincent Djinda, auteur de la BD ; et avec Rozenn Le Berre, lauteure de la nouvelle que vous trouverez en post-face de notre album. <img decoding=\"async\" src=\"http:\/\/www.smbt.fr\/sites\/default\/files\/media\/HERBIERS\/Affiche%20campagne%20herbiers_VF_Page_1.jpg\" alt=\"rencontre bd campagne\" align=\"center\">  LES TOURELLES de Condette Maison dioc\u00e9saine daccueil et de formation spirituelle <img decoding=\"async\" src=\"http:\/\/www.9emeart.fr\/uploads\/images\/large\/27716.jpeg\" alt=\"rencontre bd campagne\" align=\"right\"> Venez frissonner lors du Festival International Toulouse Polars du Sud du 9 au 11 octobre, organis\u00e9 en 2020 autour du th\u00e8me Treize \u00e0 la douzaine Entre vengeance et r\u00e9silience, la violence parcourt votre album, o\u00f9 avez-vous mis les curseurs pour quelle soit frappante mais tenable dans les yeux du lecteur? 03 au 05 Juillet : SOORTS-HOSSEGOR-Salon du Livre Biographie et Histoire report\u00e9 au 2 au 4 Juillet 2021 Visite clin d\u0153il \u00e0 la nuit tomb\u00e9e du mur peint illumin\u00e9 Le d\u00e9fil\u00e9 de Turf, en pr\u00e9sence de lauteur, et guig\u00e9e par une m\u00e9diatrice de larchitecture et du patrimoine de Via patrimoine. RDV immeubles D, E et F boulevard Jean XXIII 18h-18h30. 2. 06 37 83 29 72. Elle est aujourdhui illustratrice et graphiste ind\u00e9pendante. Chaleureux et accessible, il d\u00e9note dune v\u00e9ritable originalit\u00e9. Richard PETITSIGNE Le Pirate le plus terrible du monde : samedi dimanche -LHomme qui Sauva le Monde et autres sources d\u00e9tonnement Illustration int\u00e9rieure pour le livre de Patrick Baud Le dessinateur alg\u00e9rien Abdelhamid Amine, dit Nime, critique du r\u00e9gime et condamn\u00e9 en d\u00e9cembre dernier \u00e0 un an de prison dont trois mois ferme, a re\u00e7u le prix du courage artistique en marge du festival de BD dAngoul\u00eame. <img decoding=\"async\" src=\"http:\/\/www.les-plus-beaux-villages-de-france.org\/files\/imagecache\/product\/Couv-Carte-LPBVF_2018_BD.jpg\" alt=\"rencontre bd campagne\" align=\"center\">.<\/p>\n","protected":false},"excerpt":{"rendered":"<p>rencontre bd campagne<\/p>\n","protected":false},"author":1,"featured_media":0,"comment_status":"closed","ping_status":"closed","sticky":false,"template":"","format":"standard","meta":{"footnotes":""},"categories":[1],"tags":[],"_links":{"self":[{"href":"http:\/\/zupnija-gomilsko.rkc.si\/journal\/wp-json\/wp\/v2\/posts\/9460"}],"collection":[{"href":"http:\/\/zupnija-gomilsko.rkc.si\/journal\/wp-json\/wp\/v2\/posts"}],"about":[{"href":"http:\/\/zupnija-gomilsko.rkc.si\/journal\/wp-json\/wp\/v2\/types\/post"}],"author":[{"embeddable":true,"href":"http:\/\/zupnija-gomilsko.rkc.si\/journal\/wp-json\/wp\/v2\/users\/1"}],"replies":[{"embeddable":true,"href":"http:\/\/zupnija-gomilsko.rkc.si\/journal\/wp-json\/wp\/v2\/comments?post=9460"}],"version-history":[{"count":1,"href":"http:\/\/zupnija-gomilsko.rkc.si\/journal\/wp-json\/wp\/v2\/posts\/9460\/revisions"}],"predecessor-version":[{"id":9461,"href":"http:\/\/zupnija-gomilsko.rkc.si\/journal\/wp-json\/wp\/v2\/posts\/9460\/revisions\/9461"}],"wp:attachment":[{"href":"http:\/\/zupnija-gomilsko.rkc.si\/journal\/wp-json\/wp\/v2\/media?parent=9460"}],"wp:term":[{"taxonomy":"category","embeddable":true,"href":"http:\/\/zupnija-gomilsko.rkc.si\/journal\/wp-json\/wp\/v2\/categories?post=9460"},{"taxonomy":"post_tag","embeddable":true,"href":"http:\/\/zupnija-gomilsko.rkc.si\/journal\/wp-json\/wp\/v2\/tags?post=9460"}],"curies":[{"name":"wp","href":"https:\/\/api.w.org\/{rel}","templated":true}]}}