
{"id":9464,"date":"2020-10-11T12:52:36","date_gmt":"2020-10-11T12:52:36","guid":{"rendered":"http:\/\/zupnija-gomilsko.rkc.si\/journal\/?p=9464"},"modified":"2020-09-30T06:17:56","modified_gmt":"2020-09-30T06:17:56","slug":"rencontres-jeunes-et-handicap-3","status":"publish","type":"post","link":"http:\/\/zupnija-gomilsko.rkc.si\/journal\/2020\/10\/11\/rencontres-jeunes-et-handicap-3\/","title":{"rendered":"Rencontres Jeunes Et Handicap"},"content":{"rendered":"<p>Rejoignez chat-handicape.fr gratuitement d\u00e8s aujourdhui! 2020 Copyright. All rights reserved. Dans une lettre, elle explique que ce concours lui a permis d\u00eatre contact\u00e9e par un groupe de personnes, surtout des jeunes, qui voulaient faire quelque chose au sujet de la crise climatique. Selon Greta Thunberg, Bo Thor\u00e9n, qui participe avec elle et dautre jeunes militants \u00e0 des r\u00e9unions t\u00e9l\u00e9phoniques, \u00e9met plusieurs id\u00e9es dont une id\u00e9e vague dune gr\u00e8ve scolaire que les \u00e9coliers fassent quelque chose dans les cours d\u00e9cole ou dans les salles de classe, inspir\u00e9e par les \u00e9tudiants de Parkland qui avaient refus\u00e9 daller \u00e0 l\u00e9cole apr\u00e8s la. Elle aime lid\u00e9e et essaye de faire en sorte que dautres jeunes se joignent \u00e0 elle, mais eux pensent quune marche aura plus de r\u00e9sultats. Elle planifie alors la gr\u00e8ve scolaire seule et ne participe plus \u00e0 des r\u00e9unions avec le groupe. Cette journ\u00e9e doit permettre \u00e0 lIME de savoir sil peut r\u00e9pondre aux besoins de la personne dans un accompagnement de qualit\u00e9.  Plus de 3 millions de Bengalais sont morts de faim au cours de la de 1943. Churchill avait ordonn\u00e9 des r\u00e9quisitions massives de nourritures produites en Inde afin dapprovisionner les troupes britanniques. Ses d\u00e9tracteurs soutiennent que Churchill a refus\u00e9 de reconnaitre lexistence dune famine dans le pays et dapporter une aide humanitaire, mais ses d\u00e9fenseurs ont de solides arguments voir. Informer les familles, les soutenir et agir aupr\u00e8s des pouvoirs publics pour promouvoir lacc\u00e8s \u00e0 l\u00e9cole, aux lieux d\u00e9ducation et \u00e0 la lecture De nombreuses associations, concern\u00e9es et dynamiques, contribuent \u00e0 faire avancer les am\u00e9nagements n\u00e9cessaires pour les personnes en situation de handicap. Elles favorisent aussi un regard qui change, doucement, au-del\u00e0 des pr\u00e9jug\u00e9s et pour des rencontres pleines de richesse. Une commission pour dialoguer Bulletin officiel n 2 du 12 janvier 2012 Comment mon enfant peut-il \u00eatre accompagn\u00e9 dans sa scolarit\u00e9? <img decoding=\"async\" src=\"http:\/\/www.bouchonsespoir67.fr\/wp-content\/uploads\/2018\/02\/10.06.2018-Nuit-festive-du-handicap-Strasbourg.png\" alt=\"rencontres jeunes et handicap\" align=\"right\"> 1. Le r\u00f4le des associations locales est essentiel. La plupart des d\u00e9cisions concernant lorientation et la scolarisation des enfants handicap\u00e9s exemple : \u00e9laboration PPS, ouverture sessad, ouverture ulis.. Sont prises au niveau d\u00e9partemental, elles sont prises par lInspecteur dAcad\u00e9mie-DASEN sur d\u00e9l\u00e9gation rectorale. Cest \u00e0 ce niveau que les associations doivent agir. 1 Votez pour ce message Se connecter Cr\u00e9er un compte Cela nous permet au-del\u00e0 des ateliers propos\u00e9s davoir une vie sociale en famille gr\u00e2ce aux manifestations organis\u00e9es tout au long de lann\u00e9e et aux s\u00e9jours de r\u00e9pit. On peut dire quil y a un avant et un apr\u00e8s la rencontre avec lassociation. Bref, nous ne sommes plus seuls! Alors un grand merci \u00e0 SH92 qui facilite notre quotidien. Alexandra Co\u00ebff\u00e9 Maison des associations, 34 Rue Pierre Brossolette, 92300 Levallois-Perret 01 47 37 96 35 Emmanuelle Reille-Baudrin, docteur en psychologie Centre de recherche sur le travail et le d\u00e9veloppement CRTD Cnam Lobjectif dune soci\u00e9t\u00e9 inclusive est le fruit dune mobilisation collective de tous les acteurs de la soci\u00e9t\u00e9, Etat, d\u00e9partements, associations, professionnels de sant\u00e9, entreprises, m\u00e9dias, citoyens.. \u00c0 lissue de pr\u00e8s dune heure d\u00e9change avec les habitants, Alexandra Capogna reste convaincue que la situation rel\u00e8ve plus de lexasp\u00e9ration face \u00e0 des incivilit\u00e9s que dun v\u00e9ritable sentiment dins\u00e9curit\u00e9.  <img decoding=\"async\" src=\"http:\/\/gratte.org\/wp-content\/uploads\/2018\/08\/PullGratte.png\" alt=\"rencontres jeunes et handicap\" align=\"right\"> Sache qu\u00eatre volontaire nest pas un \u00e9tat, cest un processus que les associations partenaires accompagnent, avant, pendant et apr\u00e8s le projet de volontariat-Bonne connaissance de la langue fran\u00e7aise \u00e9crite et parl\u00e9e  Lo\u00efc Brissaud, coordinateur de la Commission nationale politique de le jeunesse CNPJ En 2011 naissait le Mus\u00e9e de la Grande Guerre de Meaux. Constamment enrichies depuis, ses collections valent largement le voyage! Il sagit tout simplement de la plus vaste collection de documents et dobjets sur la Guerre de 1914-18 en Europe. Les et didactiques \u00e0 la fois en font une destination de choix pour les familles, mais aussi les groupes scolaires. Le Mus\u00e9e de la Grande Guerre de Meaux est implant\u00e9 au pied du monument am\u00e9ricain de Frederick MacMonnies, \u00e0 30 minutes de train de la capitale. Cette statue colossale am\u00e9ricaine de 21 m\u00e8tres \u00e9tait offerte en 1932 par les citoyens am\u00e9ricains en m\u00e9moire des soldats tomb\u00e9s pendant les batailles de la Marne. D\u00e9couvrez \u00e9galement la terrasse du toit o\u00f9 le mus\u00e9e offre une vue panoramique extraordinaire. <img decoding=\"async\" src=\"http:\/\/saintcheron.com\/e-catalogues\/saint-cheron-en-ligne\/201510\/files\/mobile\/7.jpg\" alt=\"rencontres jeunes et handicap\" align=\"right\"> a pour objet la mise en \u0153uvre et le d\u00e9veloppement dune coop\u00e9ration au niveau de lacad\u00e9mie, dans les domaines de la formation continue des adultes, de la formation et de linsertion professionnelle.<\/p>\n","protected":false},"excerpt":{"rendered":"<p>rencontres jeunes et handicap<\/p>\n","protected":false},"author":1,"featured_media":0,"comment_status":"closed","ping_status":"closed","sticky":false,"template":"","format":"standard","meta":{"footnotes":""},"categories":[1],"tags":[],"_links":{"self":[{"href":"http:\/\/zupnija-gomilsko.rkc.si\/journal\/wp-json\/wp\/v2\/posts\/9464"}],"collection":[{"href":"http:\/\/zupnija-gomilsko.rkc.si\/journal\/wp-json\/wp\/v2\/posts"}],"about":[{"href":"http:\/\/zupnija-gomilsko.rkc.si\/journal\/wp-json\/wp\/v2\/types\/post"}],"author":[{"embeddable":true,"href":"http:\/\/zupnija-gomilsko.rkc.si\/journal\/wp-json\/wp\/v2\/users\/1"}],"replies":[{"embeddable":true,"href":"http:\/\/zupnija-gomilsko.rkc.si\/journal\/wp-json\/wp\/v2\/comments?post=9464"}],"version-history":[{"count":1,"href":"http:\/\/zupnija-gomilsko.rkc.si\/journal\/wp-json\/wp\/v2\/posts\/9464\/revisions"}],"predecessor-version":[{"id":9465,"href":"http:\/\/zupnija-gomilsko.rkc.si\/journal\/wp-json\/wp\/v2\/posts\/9464\/revisions\/9465"}],"wp:attachment":[{"href":"http:\/\/zupnija-gomilsko.rkc.si\/journal\/wp-json\/wp\/v2\/media?parent=9464"}],"wp:term":[{"taxonomy":"category","embeddable":true,"href":"http:\/\/zupnija-gomilsko.rkc.si\/journal\/wp-json\/wp\/v2\/categories?post=9464"},{"taxonomy":"post_tag","embeddable":true,"href":"http:\/\/zupnija-gomilsko.rkc.si\/journal\/wp-json\/wp\/v2\/tags?post=9464"}],"curies":[{"name":"wp","href":"https:\/\/api.w.org\/{rel}","templated":true}]}}