
{"id":9490,"date":"2020-10-11T19:08:50","date_gmt":"2020-10-11T19:08:50","guid":{"rendered":"http:\/\/zupnija-gomilsko.rkc.si\/journal\/?p=9490"},"modified":"2020-09-30T06:58:03","modified_gmt":"2020-09-30T06:58:03","slug":"association-accueil-et-rencontres-marseille-3","status":"publish","type":"post","link":"http:\/\/zupnija-gomilsko.rkc.si\/journal\/2020\/10\/11\/association-accueil-et-rencontres-marseille-3\/","title":{"rendered":"Association Accueil Et Rencontres Marseille"},"content":{"rendered":"<p>If you do not want that we track your visit to our site you can disable tracking in your browser here: VENDREDI 26 OCTOBRE-20h CONCERT-Chanson Florent Vintrigner : compositions, chant..   R\u00e9union pour les b\u00e9n\u00e9voles et adh\u00e9rents qui souhaitent participer \u00e0 lorganisation de la journ\u00e9e du vendredi 6 octobre 2017 4\u00e8me r\u00e9union sur 4. Oui, le 5 novembre 2018 a bien eu lieu. 8 personnes d\u00e9c\u00e9d\u00e9es nauront pourtant pas suffi \u00e0 faire r\u00e9agir les responsables politiques municipaux. Si le silence et la fausse compassion des premiers instants furent assourdissants, leur inaction nen est pas moins effroyable.  Vect-Horus signe un accord de collaboration scientifique avec les laboratoires Servier H4D, pionnier des solutions de t\u00e9l\u00e9m\u00e9decine, cl\u00f4ture sa seconde lev\u00e9e de fonds aupr\u00e8s dInnovation Capital, Bpifrance et CNP Assurances, Lettre dinformations r\u00e9alis\u00e9e par l\u00e9quipe acad\u00e9mique d\u00e9ducation \u00e0 la citoyennet\u00e9 et proposant une r\u00e9flexion globale, une veille sur linformation si souvent fauss\u00e9e notamment sur les r\u00e9seaux sociaux en cette p\u00e9riode difficile, et une analyse critique adapt\u00e9e pour les \u00e9l\u00e8ves, mais aussi, et surtout, pour les enseignants. <img decoding=\"async\" src=\"http:\/\/via-marseille-fos.com\/wp-content\/themes\/viamarseillefos\/img\/blocs\/fr\/3.jpg\" alt=\"association accueil et rencontres marseille\" align=\"right\"> La cha\u00eene r\u00e9gionale France 3 Aquitaine a diffus\u00e9 le 12 octobre, dans le JT de midi, un reportage sur le SII dans lequel lAPSSII appara\u00eet.,bonjour a tous je me pr\u00e9sente Thierry,je me suis inscrit sur ce site,pour faire des sorties,soir\u00e9es dansantes,cin\u00e9ma,ballade,rencontrer des personnes,pour discuter,\u00e9changer,sur les activit\u00e9s propos\u00e9,je lancerait une sortie prochainement, sortie cin\u00e9ma,puis aller boire un verre,pour discuter du film,a une prochaine fois au plaisir de vous rencontrer lors dune sortie,Thierry Cest le seul r\u00e9seau national qui accompagne toutes les femmes : Courir ensemble pour ELA cest lengagement quont pris en d\u00e9but dann\u00e9e des \u00e9l\u00e8ves lorsque le partenariat entre lInstitut d\u00e9ducation motrice IEM Saint Thys et le lyc\u00e9e professionnel Jean-Baptiste Brochier a vu le jour. Bonjour! Nous esp\u00e9rons que tout va bien pour vous et vos proches. Pour linstant toutes nos actions sont bien s\u00fbr annul\u00e9es. Concernant le Conseil D\u00e9partemental, tout est \u00e9galement suspendu pour les entretiens, commissions dagr\u00e9ment, conseils d.. <img decoding=\"async\" src=\"http:\/\/www.marseilleforum.com\/forum\/hostingpics\/15\/865933capture.jpg\" alt=\"association accueil et rencontres marseille\" align=\"left\"> <img decoding=\"async\" src=\"http:\/\/www.aqm-bn.asso.fr\/files\/fck\/images\/Photos%202016\/Je%20m%27incris.PNG\" alt=\"association accueil et rencontres marseille\" align=\"right\"> Si vous travaillez dans une structure jeunesse et que vous souhaitez diriger des jeunes vers Unis-Cit\u00e9 A Marseille, laccueil th\u00e9rapeutique de jour Les Pens\u00e9es est con\u00e7u pour favoriser et stimuler les capacit\u00e9s intellectuelles RENSEIGNER tous les amoureux de lAm\u00e9rique latine en partance ou en provenance de lun de ces pays du continent afin de lapporter aide, conseil Le prix luc, un prix attribu\u00e9 par le parlemente europ\u00e9en \u00e0 un film engag\u00e9 Retour sur la projection de Woman at war au Gyptis Le 4 septembre dernier, nous avons eu Le projet Sklavo des \u00e9l\u00e8ves du coll\u00e8ge Amp\u00e8re dArles a re\u00e7u le premier prix de la cat\u00e9gorie coll\u00e8ge de la 5\u00e8me \u00e9dition du concours La Flamme de l\u00e9galit\u00e9. Le projet Voyage sans retour de l\u00e9cole Jean Moulin \u00e0 Cavaillon a quant \u00e0 lui obtenu une mention sp\u00e9ciale pour la qualit\u00e9 de sa r\u00e9alisation. Quon les laisse tranquille, le temps de trouver une solution pour chacun.Cons\u00e9quence, alors que la r\u00e8gle est, les plus fragiles se retrouvent dans la rue, explique le pr\u00e9sident de lassociation Vendredi 13, Bertrand Nos. Envie de d\u00e9couvrir Marseille et Berlin, dam\u00e9liorer ton allemand aupr\u00e8s de jeunes germanophones et de vivre une exp\u00e9rience inter-culturelle au sein dun groupe franco-allemand? En cette p\u00e9riode difficile pour tous, le pr\u00e9sident de lAssociation des Personnes de Petite Taille a tenu \u00e0 sexprimer..<\/p>\n","protected":false},"excerpt":{"rendered":"<p>association accueil et rencontres marseille<\/p>\n","protected":false},"author":1,"featured_media":0,"comment_status":"closed","ping_status":"closed","sticky":false,"template":"","format":"standard","meta":{"footnotes":""},"categories":[1],"tags":[],"_links":{"self":[{"href":"http:\/\/zupnija-gomilsko.rkc.si\/journal\/wp-json\/wp\/v2\/posts\/9490"}],"collection":[{"href":"http:\/\/zupnija-gomilsko.rkc.si\/journal\/wp-json\/wp\/v2\/posts"}],"about":[{"href":"http:\/\/zupnija-gomilsko.rkc.si\/journal\/wp-json\/wp\/v2\/types\/post"}],"author":[{"embeddable":true,"href":"http:\/\/zupnija-gomilsko.rkc.si\/journal\/wp-json\/wp\/v2\/users\/1"}],"replies":[{"embeddable":true,"href":"http:\/\/zupnija-gomilsko.rkc.si\/journal\/wp-json\/wp\/v2\/comments?post=9490"}],"version-history":[{"count":1,"href":"http:\/\/zupnija-gomilsko.rkc.si\/journal\/wp-json\/wp\/v2\/posts\/9490\/revisions"}],"predecessor-version":[{"id":9491,"href":"http:\/\/zupnija-gomilsko.rkc.si\/journal\/wp-json\/wp\/v2\/posts\/9490\/revisions\/9491"}],"wp:attachment":[{"href":"http:\/\/zupnija-gomilsko.rkc.si\/journal\/wp-json\/wp\/v2\/media?parent=9490"}],"wp:term":[{"taxonomy":"category","embeddable":true,"href":"http:\/\/zupnija-gomilsko.rkc.si\/journal\/wp-json\/wp\/v2\/categories?post=9490"},{"taxonomy":"post_tag","embeddable":true,"href":"http:\/\/zupnija-gomilsko.rkc.si\/journal\/wp-json\/wp\/v2\/tags?post=9490"}],"curies":[{"name":"wp","href":"https:\/\/api.w.org\/{rel}","templated":true}]}}