
{"id":9604,"date":"2020-10-11T08:31:10","date_gmt":"2020-10-11T08:31:10","guid":{"rendered":"http:\/\/zupnija-gomilsko.rkc.si\/journal\/?p=9604"},"modified":"2020-09-30T11:56:47","modified_gmt":"2020-09-30T11:56:47","slug":"rencontre-kurde-3","status":"publish","type":"post","link":"http:\/\/zupnija-gomilsko.rkc.si\/journal\/2020\/10\/11\/rencontre-kurde-3\/","title":{"rendered":"Rencontre Kurde"},"content":{"rendered":"<p>Les champs suivis dun ast\u00e9risque sont obligatoires.  il ne me parle pas de b\u00e9b\u00e9 ny dengagement, rien de tout sa. Le Kurdistan termine \u00e0 la huiti\u00e8me place de la comp\u00e9tition. Votre num\u00e9ro dabonn\u00e9 dans les param\u00e8tres de cr\u00e9ation de compte. 1h Moments pr\u00e9cieux lors de la 24\u00e8me \u00e9dition du festival Les Suds tous les kurdes ne sont pas comme le d\u00e9crivent tes amis. Javoue que jai un peu de mal \u00e0 comprendre. Certes il faut rester vigilante, mais ca cest comme avec nimporte quel homme! M\u00eame si un intellectuel kurde interrog\u00e9 dans une belle biblioth\u00e8que va faire preuve dun peu dempathie, parler de spiritualit\u00e9 gay, avant la fin du tournage Kojin prend le chemin de lexil en Allemagne. Depuis plus de deux ans, il r\u00e9side dans un camp pr\u00e8s de Francfort, dans lattente de papiers M. Davuto\u011flu, Ministre des Affaires \u00e9trang\u00e8res de la R\u00e9publique de Turquie a rencontr\u00e9 M. Kosrat Rasul, Secr\u00e9taire g\u00e9n\u00e9ral adjoint de lUnion patriotique du KurdistanUPK et Vice-Pr\u00e9sident du Gouvernement r\u00e9gional kurde irakien. Minist\u00e8re des Affaires \u00e9trang\u00e8res de la R\u00e9publique de Turquie  La Turquie ne stoppera pas lop\u00e9ration quelle m\u00e8ne en Syrie contre une milice kurde soutenue par lOccident, a.. Les Etats-Unis et la Russie ont tous les deux sacrifi\u00e9 les Kurdes pour leurs propres int\u00e9r\u00eats et ont laiss\u00e9 la voie libre \u00e0 la Turquie. Ils utilisent la Turquie contre les Kurdes, a d\u00e9clar\u00e9 Cemil Bayik du.. Je suis tomb\u00e9e literralement sous son charme, tous les jours je veux le quitter car jai limpression quil ne ressens pas se que je ressens, mes amis egalement me disent la meme choses que vous disent les votres, mais je me dis que si je nessaye pas je ne saurai pas, et puis je me sens tellement bien avec lui et je me sens aussi vraiment proteg\u00e9 par sa presence. Le probleme est quil habite a 90km de chez moi et na pas de permis, nous nous voyons donc que le week end quand il peut se faire enmener. Mireille Court : vid\u00e9aste, de retour du Rojava, t\u00e9moignera de la r\u00e9sistance du Rojava contre linvasion de la Turquie et de ses suppl\u00e9tifs djihadistes.  <img decoding=\"async\" src=\"http:\/\/1.bp.blogspot.com\/-1plL_aSWY6c\/UAwFju_t-vI\/AAAAAAAAKIY\/6hwzikTNCgg\/s1600\/DSC07865.JPG\" alt=\"rencontre kurde\" align=\"right\"> Se guardar\u00e1 el respeto mutuo a la hora de escribir. En ese sentido tampoco se podr\u00e1n publicar mensajes que violen el derecho a la intimidad. Nantes Rencontre de femmes avec le mouvement de Femmes Libres du Kurdistan-BOURRASQUE-INFO.ORG Et il y a plein dassociations et de bars associatifs qui aident beaucoup, cest facile de rentrer en contact avec eux et commencer \u00e0 collaborer, en tant que b\u00e9n\u00e9vole. Cest ce qui mest arriv\u00e9 avec Casa Consolat et aussi \u00e0 Dewrana Def, un atelier de lutherie o\u00f9 lon r\u00e9pare des instruments kurdes, turcs, arm\u00e9niens, mais aussi fran\u00e7ais et africains. Cest un gars originaire de ma ville qui la ouvert ; je lavais rencontr\u00e9 quelques fois au pays, et ici il ma aid\u00e9 plusieurs fois. Du coup, je viens au laboratoire pour lui filer un coup de main et en passant japprends \u00e0 jouer du daf. Il faudrait \u00e9galement ne pas exclure la possibilit\u00e9 dune v\u00e9ritable r\u00e9alisation de soi au sein de linstitution ind\u00e9pendamment de toute coercition Lagroye Sim\u00e9ant 2003. Le caf\u00e9 servi, sa fille raconte. Jusqu\u00e0 larriv\u00e9e des hommes de Daesh elle avait un poste important \u00e0 la pr\u00e9fecture de Mossoul. Et une belle maison. Ce 10 juin 2014, vers minuit, ils sont entr\u00e9s dans le quartier. Des tirs, la folie. Nous avons ramass\u00e9 ce que nous pouvions ; presque rien. Vers 6 heures du matin, nous avons quitt\u00e9 la maison vers Zakho. Ils nous ont arr\u00eat\u00e9s, nous ont tout pris, notre argent, nos pi\u00e8ces didentit\u00e9. Par je ne sais quel miracle, nous avons pu repartir. Nous sommes rest\u00e9es 10 jours \u00e0 Qarakoch, un village chr\u00e9tien. Puis nous sommes venus ici. Nous sommes quelques familles de notre communaut\u00e9 arm\u00e9nienne. Nous navons rien mais nous nous entraidons. Nous sommes un peuple si fatigu\u00e9. Repartir en Arm\u00e9nie, \u00e0 quoi bon! Nous ny connaissons personne. Au fond, nous navons pas de pays. Comment je vois mon avenir? Je ne sais pas. Je sais que je suis Arm\u00e9nienne. Je suis n\u00e9e Arm\u00e9nienne, je vis et je mourrai Arm\u00e9nienne. Je voudrais seulement quon nous aide, un peu. Politique de d\u00e9fense japonaise-Enjeux strat\u00e9giques en Asie de lEst Une centaine de Calaisiens se sont d\u00e9plac\u00e9s pour se faire tester <img decoding=\"async\" src=\"http:\/\/www.pcf.fr\/sites\/default\/files\/fete_huma_2015-stand_oise-aisne-programmation-s_0.jpg\" alt=\"rencontre kurde\" align=\"center\"> <img decoding=\"async\" src=\"http:\/\/voyagesrencontres.tv\/wp-content\/uploads\/2015\/01\/rencontre-jolie-jeune-femme-russe1.jpg\" alt=\"rencontre kurde\" align=\"center\">.<\/p>\n","protected":false},"excerpt":{"rendered":"<p>rencontre kurde<\/p>\n","protected":false},"author":1,"featured_media":0,"comment_status":"closed","ping_status":"closed","sticky":false,"template":"","format":"standard","meta":{"footnotes":""},"categories":[1],"tags":[],"_links":{"self":[{"href":"http:\/\/zupnija-gomilsko.rkc.si\/journal\/wp-json\/wp\/v2\/posts\/9604"}],"collection":[{"href":"http:\/\/zupnija-gomilsko.rkc.si\/journal\/wp-json\/wp\/v2\/posts"}],"about":[{"href":"http:\/\/zupnija-gomilsko.rkc.si\/journal\/wp-json\/wp\/v2\/types\/post"}],"author":[{"embeddable":true,"href":"http:\/\/zupnija-gomilsko.rkc.si\/journal\/wp-json\/wp\/v2\/users\/1"}],"replies":[{"embeddable":true,"href":"http:\/\/zupnija-gomilsko.rkc.si\/journal\/wp-json\/wp\/v2\/comments?post=9604"}],"version-history":[{"count":1,"href":"http:\/\/zupnija-gomilsko.rkc.si\/journal\/wp-json\/wp\/v2\/posts\/9604\/revisions"}],"predecessor-version":[{"id":9605,"href":"http:\/\/zupnija-gomilsko.rkc.si\/journal\/wp-json\/wp\/v2\/posts\/9604\/revisions\/9605"}],"wp:attachment":[{"href":"http:\/\/zupnija-gomilsko.rkc.si\/journal\/wp-json\/wp\/v2\/media?parent=9604"}],"wp:term":[{"taxonomy":"category","embeddable":true,"href":"http:\/\/zupnija-gomilsko.rkc.si\/journal\/wp-json\/wp\/v2\/categories?post=9604"},{"taxonomy":"post_tag","embeddable":true,"href":"http:\/\/zupnija-gomilsko.rkc.si\/journal\/wp-json\/wp\/v2\/tags?post=9604"}],"curies":[{"name":"wp","href":"https:\/\/api.w.org\/{rel}","templated":true}]}}