
{"id":9680,"date":"2020-10-12T01:30:13","date_gmt":"2020-10-12T01:30:13","guid":{"rendered":"http:\/\/zupnija-gomilsko.rkc.si\/journal\/?p=9680"},"modified":"2020-09-30T14:38:35","modified_gmt":"2020-09-30T14:38:35","slug":"rencontres-spatiales-st-maximin-3","status":"publish","type":"post","link":"http:\/\/zupnija-gomilsko.rkc.si\/journal\/2020\/10\/12\/rencontres-spatiales-st-maximin-3\/","title":{"rendered":"Rencontres Spatiales St Maximin"},"content":{"rendered":"<p>Pour ne rien manquer de lactualit\u00e9 \u00e9conomique et financi\u00e8re  We detected that your JavaScript seem to be disabled. En tout cas Marie-Ange a \u00e9t\u00e9 formi..formi..formidable et nous lui devont beaucoup pour ces premi\u00e8res rencontres de Saint-Maximin dont elle fut la principale initiatrice.. Et sans galanterie de ma part, notion qui devrait \u00eatre totalement d\u00e9pass\u00e9e car les femmes sont nos \u00e9gales..tout en \u00e9tant diff\u00e9rentes BAL COUNTRY. Dimanche, ouverture des portes \u00e0 14h30, gymnase de lEtat-Major, quartier Bourcier, avec la participation de Happy Country. Entr\u00e9e : 6, revers\u00e9 int\u00e9gralement au T\u00e9l\u00e9thon. Comme St\u00e9phane \u00e0 fait pas mal dhistoire, je change un peu le sujet et pr\u00e9sente ce qui risque de se passer dans les 2030 ann\u00e9es \u00e0 venir dans le spatial. Well stop supporting this browser soon. For the best experience please. <img decoding=\"async\" src=\"http:\/\/www.five.hostelgeneration.com\/2015\/semainelanguefrancaise\/sites\/default\/files\/banniere_slff_780px.jpg\" alt=\"rencontres spatiales st maximin\" align=\"center\"> <img decoding=\"async\" src=\"http:\/\/pontcharra-38530.blogs.afm-telethon.fr\/media\/00\/00\/1411326002.jpg\" alt=\"rencontres spatiales st maximin\" align=\"left\"> REMICOURT M. Et coll. 2012 Les occupations pr\u00e9 et protohistoriques du Clos de Roques \u00e0 Saint-Maximin-la-Sainte-Baume Var 10e Rencontres M\u00e9ridionales de Pr\u00e9histoire R\u00e9cente, Porticcio, 19 octobre 2012. LA-HAUT, Lyon, France : Publication page 140 \u00e0 142 et interview de P. Brulhet page 190 \u00e0 208 en r\u00e9f\u00e9rence sur larchitecture martienne, dans le m\u00e9moire de fin d\u00e9tude dArchitecture Designer dInt\u00e9rieur de Cindy Gaudillier. LAROCHE M. 2013 Pussigny 37, la Pierre Lev\u00e9e Journ\u00e9es arch\u00e9ologiques de la r\u00e9gion Centre, Tours, 24-25 mai 2013. Sujet: Re: 1\u00e8res Rencontres Spatiales de St Maximin Mer 25 Ao\u00fb 2010-22:11 sort en d\u00e9cembre 2010 \u00e9dit\u00e9 par l\u00e9diteur de la revue astronoimie <img decoding=\"async\" src=\"http:\/\/cities.reseaudesvilles.fr\/cities\/162\/images\/8luu8yqlc64vu.jpg\" alt=\"rencontres spatiales st maximin\" align=\"left\">   Le but des Rencontres Spatiales de Saint-Maximin est de provoquer une rencontre entre le public et le spatial. Dans un magnifique cadre estival et historique le jardin de lenclos et le couvent royal, nous vous proposons de revivre laventure de lexploration de lespace, que ce soit de notre satellite la Lune, de Mars ou des confins de lUnivers. Le public pourra ainsi d\u00e9couvrir les r\u00e9alisations de lEurope spatiale et des autres agences internationales. \u0397\u03b8\u03b7 \u03ba\u03b1\u03b9 \u03b5\u03b8\u03b9\u03bc\u03b1 \u03b1\u03c0\u03bf\u03ba\u03c1\u03b9\u03b1\u03c2 11 \u0399\u03bf\u03c5\u03bb\u03af\u03bf\u03c5 2018 \u03c3\u03c5\u03bd\u03c4\u03b1\u03b3\u03b7 \u03b3\u03b9\u03b1 \u03b6\u03c5\u03bc\u03c9\u03c4\u03bf \u03c8\u03c9\u03bc\u03b9 \u03bc\u03b5 \u03be\u03b7\u03c1\u03b7 \u03bc\u03b1\u03b3\u03b9\u03b1 \u03bb\u03b9\u03bd\u03bf\u03c2 \u03ba\u03bf\u03ba\u03bf\u03c4\u03bf\u03c2 \u03b7\u03bb\u03b9\u03ba\u03b9\u03b1 10:56 \u03b4\u03b5\u03bd \u03b1\u03be\u03b9\u03b6\u03b5\u03b9\u03c2 \u03c3\u03c4\u03b9\u03c7\u03b1\u03ba\u03b9\u03b1 MONCEL M-H, FERNANDES P, CHACON NAVARRO M G, DE LOMBERA HERMIDA A, MENENDEZ GRANDA L, YOUCEF S, MOIGNE A-M, PATOU-MATHIS M, DAUJEARD C, RIVALS F, VALLADAS H, MERCIER N, BAHAIN J-J, VOINCHET P, FALQUERES C, MICHEL V, GUANJUN S, YOKOYAMA Y, COMBIER J. 2010 \u00c9mergence et diversification des strat\u00e9gies au Pal\u00e9olithique moyen ancien 350000 120000 ans dans la vall\u00e9e du Rh\u00f4ne France XXVIIe Congr\u00e8s Pr\u00e9historique de France Transitions, ruptures et continuit\u00e9 en Pr\u00e9histoire, Les Eyzies, Bordeaux, 31 mai au 05 juin 2010. FERNANDES P. Et al. 2013 Le r\u00e9seau Rh\u00f4ne-Alpin des lithoth\u00e8ques, \u00e9tat des recherches Communication dans le cadre de lassembl\u00e9e g\u00e9n\u00e9rale ordinaire 2013 de lAVDPA, mus\u00e9e Dauphinois de Grenoble, 3 mai 2013. FERNANDES P. Et RAYNAL J-P. 2010 Lespace min\u00e9ral dans le sud du Massif Central, nouvelles recherches Journ\u00e9e r\u00e9gionale de larch\u00e9ologie dAuvergne, Clermont-Ferrand, 15 Janvier 2010. De retour \u00e0 la maison avec les tuyaux Internet qui fonctionnent, voici mon CR de mon passage Samedi aux rencontres. \u0394\u03c5\u03c3\u03c0\u03bb\u03b1\u03c3\u03b9\u03b1 \u03c4\u03c1\u03b1\u03c7\u03b7\u03bb\u03bf\u03c5 cin1 \u03c3\u03b5\u03bd\u03b1\u03c1\u03b9\u03bf\u03b3\u03c1\u03b1\u03c6\u03bf\u03c2 \u03ba\u03b1\u03c4\u03b9 \u03c7\u03c9\u03c1\u03b9\u03c3\u03bc\u03b5\u03bd\u03b1 \u03c0\u03b1\u03bb\u03b9\u03ba\u03b1\u03c1\u03b9\u03b1 \u03ba\u03bf\u03c5\u03b6\u03b5\u03b9 \u03b3\u03ba\u03b9\u03bf\u03c5\u03bd\u03b5\u03b9 \u03b5\u03c0\u03b5\u03b9\u03c3\u03bf\u03b4\u03b9\u03b1 youtube hotelshops.<\/p>\n","protected":false},"excerpt":{"rendered":"<p>rencontres spatiales st maximin<\/p>\n","protected":false},"author":1,"featured_media":0,"comment_status":"closed","ping_status":"closed","sticky":false,"template":"","format":"standard","meta":{"footnotes":""},"categories":[1],"tags":[],"_links":{"self":[{"href":"http:\/\/zupnija-gomilsko.rkc.si\/journal\/wp-json\/wp\/v2\/posts\/9680"}],"collection":[{"href":"http:\/\/zupnija-gomilsko.rkc.si\/journal\/wp-json\/wp\/v2\/posts"}],"about":[{"href":"http:\/\/zupnija-gomilsko.rkc.si\/journal\/wp-json\/wp\/v2\/types\/post"}],"author":[{"embeddable":true,"href":"http:\/\/zupnija-gomilsko.rkc.si\/journal\/wp-json\/wp\/v2\/users\/1"}],"replies":[{"embeddable":true,"href":"http:\/\/zupnija-gomilsko.rkc.si\/journal\/wp-json\/wp\/v2\/comments?post=9680"}],"version-history":[{"count":1,"href":"http:\/\/zupnija-gomilsko.rkc.si\/journal\/wp-json\/wp\/v2\/posts\/9680\/revisions"}],"predecessor-version":[{"id":9681,"href":"http:\/\/zupnija-gomilsko.rkc.si\/journal\/wp-json\/wp\/v2\/posts\/9680\/revisions\/9681"}],"wp:attachment":[{"href":"http:\/\/zupnija-gomilsko.rkc.si\/journal\/wp-json\/wp\/v2\/media?parent=9680"}],"wp:term":[{"taxonomy":"category","embeddable":true,"href":"http:\/\/zupnija-gomilsko.rkc.si\/journal\/wp-json\/wp\/v2\/categories?post=9680"},{"taxonomy":"post_tag","embeddable":true,"href":"http:\/\/zupnija-gomilsko.rkc.si\/journal\/wp-json\/wp\/v2\/tags?post=9680"}],"curies":[{"name":"wp","href":"https:\/\/api.w.org\/{rel}","templated":true}]}}