
{"id":9748,"date":"2020-10-12T18:57:47","date_gmt":"2020-10-12T18:57:47","guid":{"rendered":"http:\/\/zupnija-gomilsko.rkc.si\/journal\/?p=9748"},"modified":"2020-09-30T17:09:06","modified_gmt":"2020-09-30T17:09:06","slug":"fnac-rencontre-lyon-4","status":"publish","type":"post","link":"http:\/\/zupnija-gomilsko.rkc.si\/journal\/2020\/10\/12\/fnac-rencontre-lyon-4\/","title":{"rendered":"Fnac Rencontre Lyon"},"content":{"rendered":"<p>En ce moment, jusqu\u00e0-30 vous attendent sur notre s\u00e9lection : souris, clavier et casque Tout le mat\u00e9riel n\u00e9cessaire se trouve ici Fnac Lyon Bellcour Forum des Rencontres Niv 2 Dans lintimit\u00e9 des ch\u00e2teaux, \u00e0 Margaux, Saint-Emilion ou dans un grand h\u00f4tel bordelais pour d\u00e9guster le mill\u00e9sime 2019 : les primeurs, syst\u00e8me unique au monde de vente de vin de grands Bordeaux, se r\u00e9invente avec la crise sanitaire du coronavirus. En cochant cette case, je consens \u00e0 lutilisation de mes informations fournies \u00e0 des fins de marketing par courrier \u00e9lectronique. Inscription \u00e0 la newsletter Du 12 au 20 octobre, billets en vente au Path\u00e9 Bellecour, au Cin\u00e9ma Com\u0153dia et \u00e0 lUGC Cin\u00e9 Cit\u00e9 Confluence. Share a comment: Your email address will not be published. Required fields are marked <img decoding=\"async\" src=\"http:\/\/www.strategy.footnotes.us\/wp-content\/uploads\/2018\/07\/fanny-440x330.jpg\" alt=\"fnac rencontre lyon\" align=\"left\"> <img decoding=\"async\" src=\"http:\/\/www.rencontre-69.fr\/wp-content\/uploads\/2015\/05\/rencontre-travesti-a-Lyon-7eme-330x330.jpg\" alt=\"fnac rencontre lyon\" align=\"right\"> <img decoding=\"async\" src=\"http:\/\/www.rezofoot.com\/images\/photos_fiches\/club_20130217015140.jpg\" alt=\"fnac rencontre lyon\" align=\"center\">  En vid\u00e9o-D\u00e9couvrez le bureau do\u00f9 Alexandre Bompard dirigeait la Fnac : Paris-Forum des Halles Vitrine dexposition, niveau-1, Paris-Montparnasse Galerie Fnac Arludik 3\u00e8me \u00e9tage-Vente uniquement, Paris-Saint-Lazare Galerie Fnac Arludik 3\u00e8me \u00e9tage, Paris-Ternes Galerie Fnac Arludik 4\u00e8me \u00e9tage-Rayon BD, Nantes Forum des rencontres-vente uniquement, Poitiers Vente uniquement, Rennes Forum des rencontres-vente uniquement, Reims Vente uniquement-rayon BD, Rouen Galerie Fnac Arludik, Val dEurope Rayon Librairie-Vente uniquement, V\u00e9lizy Galerie Fnac Arludik, Lyon Bellecour Galerie Fnac Arludik-Espace caf\u00e9, Aix-en-Provence Galerie Fnac Arludik, Bordeaux Galerie Fnac Arludik-Niveau 1 quarantenaire us\u00e9 tombe amoureux dune institutrice militante au Parti National Un roman rattrap\u00e9 de fa\u00e7on saisissante   Chaque ann\u00e9e d\u00e9but septembre, lAcad\u00e9mie Goncourt d\u00e9voile la premi\u00e8re s\u00e9lection des romans en comp\u00e9tition pour le Prix Goncourt. Cette pr\u00e9sentation, qui aura lieu pour 2019 le mardi 3 septembre, marque \u00e9galement le coup denvoi du Prix Goncourt des Lyc\u00e9ens. Je ne peux pas respirer: bravant la pand\u00e9mie de coronavirus, des milliers de manifestants indign\u00e9s ont commenc\u00e9 \u00e0 se rassembler samedi \u00e0 travers la plan\u00e8te pour d\u00e9noncer les in\u00e9galit\u00e9s raciales et les brutalit\u00e9s polici\u00e8res ayant conduit \u00e0 la mort de George Floyd. Conversation avec Francis Ford Coppola Th\u00e9\u00e2tre des C\u00e9lestins : Entr\u00e9e libre Hissez Vos Couleurs avec les photographes de lAgence Vu et Fnac Studio 19 et 20 avril 2013 Coulisses, Fondation Nationale de la Photographie, Lyon. Et ce sont les saveurs de lInde et de la Tha\u00eflande qui lont inspir\u00e9 cette fois-ci!<\/p>\n","protected":false},"excerpt":{"rendered":"<p>fnac rencontre lyon<\/p>\n","protected":false},"author":1,"featured_media":0,"comment_status":"closed","ping_status":"closed","sticky":false,"template":"","format":"standard","meta":{"footnotes":""},"categories":[1],"tags":[],"_links":{"self":[{"href":"http:\/\/zupnija-gomilsko.rkc.si\/journal\/wp-json\/wp\/v2\/posts\/9748"}],"collection":[{"href":"http:\/\/zupnija-gomilsko.rkc.si\/journal\/wp-json\/wp\/v2\/posts"}],"about":[{"href":"http:\/\/zupnija-gomilsko.rkc.si\/journal\/wp-json\/wp\/v2\/types\/post"}],"author":[{"embeddable":true,"href":"http:\/\/zupnija-gomilsko.rkc.si\/journal\/wp-json\/wp\/v2\/users\/1"}],"replies":[{"embeddable":true,"href":"http:\/\/zupnija-gomilsko.rkc.si\/journal\/wp-json\/wp\/v2\/comments?post=9748"}],"version-history":[{"count":1,"href":"http:\/\/zupnija-gomilsko.rkc.si\/journal\/wp-json\/wp\/v2\/posts\/9748\/revisions"}],"predecessor-version":[{"id":9749,"href":"http:\/\/zupnija-gomilsko.rkc.si\/journal\/wp-json\/wp\/v2\/posts\/9748\/revisions\/9749"}],"wp:attachment":[{"href":"http:\/\/zupnija-gomilsko.rkc.si\/journal\/wp-json\/wp\/v2\/media?parent=9748"}],"wp:term":[{"taxonomy":"category","embeddable":true,"href":"http:\/\/zupnija-gomilsko.rkc.si\/journal\/wp-json\/wp\/v2\/categories?post=9748"},{"taxonomy":"post_tag","embeddable":true,"href":"http:\/\/zupnija-gomilsko.rkc.si\/journal\/wp-json\/wp\/v2\/tags?post=9748"}],"curies":[{"name":"wp","href":"https:\/\/api.w.org\/{rel}","templated":true}]}}