
{"id":9764,"date":"2020-10-12T13:51:30","date_gmt":"2020-10-12T13:51:30","guid":{"rendered":"http:\/\/zupnija-gomilsko.rkc.si\/journal\/?p=9764"},"modified":"2020-09-30T18:01:30","modified_gmt":"2020-09-30T18:01:30","slug":"rencontre-entre-libanais-3","status":"publish","type":"post","link":"http:\/\/zupnija-gomilsko.rkc.si\/journal\/2020\/10\/12\/rencontre-entre-libanais-3\/","title":{"rendered":"Rencontre Entre Libanais"},"content":{"rendered":"<p>Les manifestantes d\u00e9noncent aujourdhui le caract\u00e8re opportuniste de cette loi, con\u00e7ue par les \u00e9lites politiques pour r\u00e9cup\u00e9rer leur base populaire. Chaque parti politique essaie de calmer sa rue communautaire, quils arrivent de moins en moins \u00e0 contr\u00f4ler, notamment dans les r\u00e9gions p\u00e9riph\u00e9riques, analyse la juriste. Ainsi, la loi damnistie pourrait lib\u00e9rer plus dun millier dislamistes, afin de satisfaire les demandes de la rue sunnite. Lamnistie pour les crimes li\u00e9s aux affaires de drogue serait plus destin\u00e9e \u00e0 la communaut\u00e9 chiite, majoritaire dans la r\u00e9gion de la plaine de la Bekaa, situ\u00e9e \u00e0 lest du pays et connue pour son trafic et sa production de drogue. Le pouvoir tente de r\u00e9instiller les logiques confessionnelles au sein du mouvement, qui a \u00e9lev\u00e9 une voix unie et transcommunautaire d\u00e8s ses premiers jours, explique Sandra Geahchan. DAntioche et de tout lOrient, le Mufti par int\u00e9rim de la <img decoding=\"async\" src=\"http:\/\/alef-liban.org\/wp-content\/uploads\/2017\/03\/Alexandre-Najjar-300x145.png\" alt=\"rencontre entre libanais\" align=\"left\">  agent de voyages, prestataire de services, industriel, Actualit\u00e9-23062019 F\u00eate des sports et de la vie associative Trois lieux marqueront la trajectoire du couple : la France, lAlg\u00e9rie et le Liban. Trois espaces-temps, en somme, qui feront la substance de la pens\u00e9e prolifique du th\u00e9oricien. Mahdi Amel fut tu\u00e9 le 18 mai 1987, rue dAlg\u00e9rie, \u00e0 Beyrouth. Il laisse derri\u00e8re lui une \u0153uvre colossale qui a tr\u00e8s peu \u00e9t\u00e9 traduite, et qui fait aujourdhui lobjet dun regain dint\u00e9r\u00eat croissant. France 3 Corse ViaStella-Emission sp\u00e9ciale-rencontre entre la Corse et le Liban samedi 20 avril \u00e0 20h30 Lunivers Homme nest pas disponible en ligne, retrouvez toutes nos marques en magasin.  D\u00e9cor\u00e9e doeuvres dart et dic\u00f4nes de design sign\u00e9es, chaque pi\u00e8ce raconte son histoire. Tendances pointues, costumes sur-mesure, sportswear et services dexception, \u00e0 limage du barbier ou du cireur, offrent une exp\u00e9rience toujours plus unique \u00e0 chacun des visiteurs.  Photos : en haut, la r\u00e9union des blogueurs \u00e0 Beyrouth mardi 15 septembre Samer KaramBloggingbeirut.com ; au milieu : Samer Karam, debout, et devant lui Maya Zankoul Pierre HaskiRue89 ; en bas, dessin de Maya Zankoul. En poursuivant votre navigation sur ce site, vous acceptez lutilisation de cookies pour vous proposer des contenus et services adapt\u00e9s \u00e0 vos centres dint\u00e9r\u00eats. <img decoding=\"async\" src=\"http:\/\/www.businessinsider.fr\/content\/themes\/lovecraft\/images\/BI.png\" alt=\"rencontre entre libanais\" align=\"right\"> Le Liban peut-il survivre? La Nation libanaise peut-elle rena\u00eetre Ce site utilise des cookies pour am\u00e9liorer votre exp\u00e9rience, renforcer la s\u00e9curit\u00e9 du site et vous proposer des publicit\u00e9s personnalis\u00e9es. Pour en savoir plus ou g\u00e9rer vos param\u00e8tres. En cliquant ou en naviguant sur le site, vous acceptez notre utilisation des cookies. Lors de cette \u00e9dition pr\u00e9sid\u00e9e par le Premier ministre arm\u00e9nien Nikol Pashinyan, M. Aoun a \u00e9t\u00e9 \u00e9lu vice-pr\u00e9sident du sommet de la francophonie, aux c\u00f4t\u00e9s des repr\u00e9sentants de la C\u00f4te dIvoire, de Ha\u00efti, de l\u00eele Maurice et du Vietnam. Une galerie, cest avant tout un oeil. \u00c9pingler les objets qui font mouche, d\u00e9voiler les tendances \u00e9mergentes, rep\u00e9rer les esprits cr\u00e9atifs et les avant-gardes. La Galerie Imaginaire nest pas disponible en ligne, retrouvez toutes nos marques en magasin. Any cookies that may not be particularly necessary for the website to function and is used specifically to collect user personal data via analytics, ads, other embedded contents are termed as non-necessary cookies. It is mandatory to procure user consent prior to running these cookies on your website. En 1975 au Liban, atteignant pr\u00e8s dun demi-million la taille pouvant \u00e9voluer de 1-petit a 5-tres grand, 2 \u00e9tant la valeur par d\u00e9faut <img decoding=\"async\" src=\"http:\/\/wotraceafg.x10.mx\/sud_liban.jpg\" alt=\"rencontre entre libanais\" align=\"center\"> L\u00c9gypte met la satire et les satiristes en prison Selon ce professeur, il ne fait aucun doute que ladministration Trump est hostile \u00e0 la plupart des institutions internationales, mais surtout \u00e0 celles quelle ne peut ni dominer ni contr\u00f4ler, un aspect dont Washington est m\u00e9content depuis ladoption du Statut de Rome, le texte fondateur de la CPI, un trait\u00e9 entr\u00e9 en vigueur en 2002 et ratifi\u00e9 depuis par plus de 120 pays. En plus des participants libanais, lASDEAM a invit\u00e9 les personnalit\u00e9s suisses suivantes afin de faciliter et mod\u00e9rer le d\u00e9bat : Didier Pfirter, Ambassadeur ; Vera Gowlland-Debbas, Professeur ; Pascal Mahon, Professeur ; Patrick Haenni, chercheur; Fran\u00e7ois Barras, Ambassadeur ; Pierre de Senarclens, Professeur. 2020 TUI France tous droits r\u00e9serv\u00e9s-TUI France-Soci\u00e9t\u00e9 anonyme au capital de 5 000 000 Euros-32 rue Jacques Ibert, 92300 LEVALLOIS PERRET.<\/p>\n","protected":false},"excerpt":{"rendered":"<p>rencontre entre libanais<\/p>\n","protected":false},"author":1,"featured_media":0,"comment_status":"closed","ping_status":"closed","sticky":false,"template":"","format":"standard","meta":{"footnotes":""},"categories":[1],"tags":[],"_links":{"self":[{"href":"http:\/\/zupnija-gomilsko.rkc.si\/journal\/wp-json\/wp\/v2\/posts\/9764"}],"collection":[{"href":"http:\/\/zupnija-gomilsko.rkc.si\/journal\/wp-json\/wp\/v2\/posts"}],"about":[{"href":"http:\/\/zupnija-gomilsko.rkc.si\/journal\/wp-json\/wp\/v2\/types\/post"}],"author":[{"embeddable":true,"href":"http:\/\/zupnija-gomilsko.rkc.si\/journal\/wp-json\/wp\/v2\/users\/1"}],"replies":[{"embeddable":true,"href":"http:\/\/zupnija-gomilsko.rkc.si\/journal\/wp-json\/wp\/v2\/comments?post=9764"}],"version-history":[{"count":1,"href":"http:\/\/zupnija-gomilsko.rkc.si\/journal\/wp-json\/wp\/v2\/posts\/9764\/revisions"}],"predecessor-version":[{"id":9765,"href":"http:\/\/zupnija-gomilsko.rkc.si\/journal\/wp-json\/wp\/v2\/posts\/9764\/revisions\/9765"}],"wp:attachment":[{"href":"http:\/\/zupnija-gomilsko.rkc.si\/journal\/wp-json\/wp\/v2\/media?parent=9764"}],"wp:term":[{"taxonomy":"category","embeddable":true,"href":"http:\/\/zupnija-gomilsko.rkc.si\/journal\/wp-json\/wp\/v2\/categories?post=9764"},{"taxonomy":"post_tag","embeddable":true,"href":"http:\/\/zupnija-gomilsko.rkc.si\/journal\/wp-json\/wp\/v2\/tags?post=9764"}],"curies":[{"name":"wp","href":"https:\/\/api.w.org\/{rel}","templated":true}]}}