
{"id":9776,"date":"2020-10-12T00:40:09","date_gmt":"2020-10-12T00:40:09","guid":{"rendered":"http:\/\/zupnija-gomilsko.rkc.si\/journal\/?p=9776"},"modified":"2020-09-30T18:21:39","modified_gmt":"2020-09-30T18:21:39","slug":"rencontre-a-l-etranger-philippe-delerm-3","status":"publish","type":"post","link":"http:\/\/zupnija-gomilsko.rkc.si\/journal\/2020\/10\/12\/rencontre-a-l-etranger-philippe-delerm-3\/","title":{"rendered":"Rencontre A L Etranger Philippe Delerm"},"content":{"rendered":"<p>Nous lui en servons car on sait quelle aime \u00e7a, mais cest assez rare. Nos invit\u00e9s boivent plut\u00f4t de leau p\u00e9tillante. On tient \u00e0 les recevoir de la meilleure fa\u00e7on, mais il ny a pas de demande extravagante! Les vestiges du jour, de Kazuo Ishiguro, paru en 2002, Prix Nobel de litt\u00e9rature Ce dictionnaire peu ordinaire et tr\u00e8s amusant recense les habitudes dartistes et dintellectuels de renom.  Contes roses et petites histoires comiques, plaisantes, croustillantes et badines, sign\u00e9s Guy de Maupassant. Les personnages sont na\u00effs et touchants comme ce pauvre Monsieur Lantin, jeune veuf inconsolable Lourdauds mais sympathiques comme Nicolas Beaurain, Insupportables et hargneux comme la vieille dame dAmiens, Madame Dufour Les jours f\u00e9ri\u00e9s de 11h \u00e0 19h hormis le 25 d\u00e9cembre, le 1er janvier et le 1er mai  <img decoding=\"async\" src=\"http:\/\/www.check.minneapolisaccidentandinjurycenter.com\/wp-content\/uploads\/2018\/02\/cd-et-dvd.png\" alt=\"rencontre a l etranger philippe delerm\" align=\"center\"> Vous vouliez lui parler? Essayez donc de lalpaguer, den placer une, il est l\u00e0. Zazie vient rendre visite \u00e0 son oncle \u00e0 Paris. Le m\u00e9tro parisien est malheureusement en gr\u00e8ve, ce qui force loncle Gabriel et sa ni\u00e8ce \u00e0 se d\u00e9placer \u00e0 pied. Et cest gr\u00e2ce \u00e0 cette promenade improvis\u00e9e que nos deux h\u00e9ros vont rencontrer des personnages insolites, \u00e0 travers lesquels on d\u00e9couvre une Zazie d\u00e9brouillarde et extravertie qui na pas sa langue dans sa poche Vous commentez \u00e0 laide de votre compte WordPress.com. You can email the site owner to let them know you were blocked. Please include what you were doing when this page came up and the Cloudflare Ray ID found at the bottom of this page. Recevez chaque matin le d\u00e9brief complet de linformation Si cette page ne saffiche pas correctement, pensez \u00e0 accepter les images dans votre client de messagerie ou acc\u00e9dez \u00e0 <img decoding=\"async\" src=\"http:\/\/storage.canalblog.com\/66\/15\/517245\/42477257.jpg\" alt=\"rencontre a l etranger philippe delerm\" align=\"center\"> Philippe Delerm invit\u00e9 de Fran\u00e7ois Busnel sur le plateau de La Grande Librairie : les textes sont disponibles sous ; dautres conditions peuvent sappliquer. Voyez les pour plus de d\u00e9tails, ainsi que les. En cas de r\u00e9utilisation des textes de cette page, voyez. Est venu pr\u00e9senter dans les locaux de Babelio son dernier ouvrage publi\u00e9 au Seuil,. Un nouveau recueil de textes courts o\u00f9 lauteur samuse \u00e0 sonder la langue et ces petites expressions orales, envoy\u00e9es \u00e0 lemporte-pi\u00e8ce, mais qui ne manquent pas de surprendre lorsque lon tend un peu loreille, et lesprit. Le journal du jour en exclusivit\u00e9 et le journal de demain avant tout le monde <img decoding=\"async\" src=\"http:\/\/subject.serenitynowmassagetherapy.com\/img\/400\/5a37c36fcfa5a-cordinatis-paris-16-75116-CDV-400.jpg\" alt=\"rencontre a l etranger philippe delerm\" align=\"right\"> Philippe Delerm \u00c2 \u00e2 C\u00e2est li\u00c3 \u00c3 l\u00e2\u00c3ge. Je viens d\u00e2avoir soixante ans, j\u00e2ai le sentiment d\u00e2avoir fait beaucoup dans mon chemin de vie. Je ressens aussi tr\u00c3s fortement, de mani\u00c3re physiologique, l\u00e2impression de devenir transparent. En fait, c\u00e2est ce que je souhaitais depuis longtemps sans me l\u00e2avouer, devenir ce badaud transparent, et l\u00e2\u00c3ge vous le donne. Vous vous rendez tr\u00c3s bien compte que l\u00e2on ne vous regarde plus, sans \u00c3\u00aatre un SDF vous devenez un homme de la rue. \u00c3videmment, il y a l\u00c3 un petit c\u00c3t\u00c3 m\u00c3lancolique, mais cela apporte beaucoup \u00c3 quelqu\u00e2un comme moi qui aime profond\u00c3ment le spectacle de la vie. Je pense que le recueil traduit cet amour. Tokyo-Paris express : BD et manga en dialogue, de 10h30 a\u0300 11h30 sur la Grande Sce\u0300ne. De\u0301ja\u0300 paru en France avec succe\u0300s, louvrage Magnitude 9, des images pour le Japon sera publie\u0301 en mars prochain au Japon, enrichi dillustrations de mangakas. Pre\u0301sentation et discussion autour de ce livre et des e\u0301changes croise\u0301s entre les bandes dessine\u0301es fran\u00e7aises et japonaises. .<\/p>\n","protected":false},"excerpt":{"rendered":"<p>rencontre a l etranger philippe delerm<\/p>\n","protected":false},"author":1,"featured_media":0,"comment_status":"closed","ping_status":"closed","sticky":false,"template":"","format":"standard","meta":{"footnotes":""},"categories":[1],"tags":[],"_links":{"self":[{"href":"http:\/\/zupnija-gomilsko.rkc.si\/journal\/wp-json\/wp\/v2\/posts\/9776"}],"collection":[{"href":"http:\/\/zupnija-gomilsko.rkc.si\/journal\/wp-json\/wp\/v2\/posts"}],"about":[{"href":"http:\/\/zupnija-gomilsko.rkc.si\/journal\/wp-json\/wp\/v2\/types\/post"}],"author":[{"embeddable":true,"href":"http:\/\/zupnija-gomilsko.rkc.si\/journal\/wp-json\/wp\/v2\/users\/1"}],"replies":[{"embeddable":true,"href":"http:\/\/zupnija-gomilsko.rkc.si\/journal\/wp-json\/wp\/v2\/comments?post=9776"}],"version-history":[{"count":1,"href":"http:\/\/zupnija-gomilsko.rkc.si\/journal\/wp-json\/wp\/v2\/posts\/9776\/revisions"}],"predecessor-version":[{"id":9777,"href":"http:\/\/zupnija-gomilsko.rkc.si\/journal\/wp-json\/wp\/v2\/posts\/9776\/revisions\/9777"}],"wp:attachment":[{"href":"http:\/\/zupnija-gomilsko.rkc.si\/journal\/wp-json\/wp\/v2\/media?parent=9776"}],"wp:term":[{"taxonomy":"category","embeddable":true,"href":"http:\/\/zupnija-gomilsko.rkc.si\/journal\/wp-json\/wp\/v2\/categories?post=9776"},{"taxonomy":"post_tag","embeddable":true,"href":"http:\/\/zupnija-gomilsko.rkc.si\/journal\/wp-json\/wp\/v2\/tags?post=9776"}],"curies":[{"name":"wp","href":"https:\/\/api.w.org\/{rel}","templated":true}]}}