
{"id":9800,"date":"2020-10-12T10:03:39","date_gmt":"2020-10-12T10:03:39","guid":{"rendered":"http:\/\/zupnija-gomilsko.rkc.si\/journal\/?p=9800"},"modified":"2020-09-30T19:18:09","modified_gmt":"2020-09-30T19:18:09","slug":"rencontre-avec-dounia-coesens-3","status":"publish","type":"post","link":"http:\/\/zupnija-gomilsko.rkc.si\/journal\/2020\/10\/12\/rencontre-avec-dounia-coesens-3\/","title":{"rendered":"Rencontre Avec Dounia Coesens"},"content":{"rendered":"<p>Je viens de terminer deux \u00e9pisodes de la s\u00e9rie Lart du crime sur France 2. Jinterpr\u00e8te un flic qui arrive en troisi\u00e8me saison pour \u00e9pauler deux autres policiers. Rencontre avec la com\u00e9dienne, r\u00e9v\u00e9l\u00e9e \u00e0 15 ans dans Plus belle la vie, et actuellement au casting de la saison 3 de LArt du crime sur France 2. <img decoding=\"async\" src=\"http:\/\/img1.telestar.fr\/var\/telestar\/storage\/images\/media\/images\/2014\/photos\/2014-08-22-plus-belle-la-vie-johanna-quitte-la-serie-ce-soir-diaporama\/johanna-a-15-ans\/430215-1-fre-FR\/Johanna-a-15-ans_width1024.jpg\" alt=\"rencontre avec dounia coesens\" align=\"right\">  Agence Germain Pire tm-Investigation-Photo Hype-Renseignement de la nuit-2005-2020-Tous droits r\u00e9serv\u00e9s  C\u00e9cilia Hornus : Cest un peu frustrant car Blanche sera enlev\u00e9e alors Johanna et elle ne seront pas beaucoup ensemble. Mais \u00e0 la fin il y aura une r\u00e9union entre les deux. Revenir pour cette intrigue, \u00e7a mallait bien Dounia Coesens arr\u00eate Plus belle la vie Reporters Quand je me suis install\u00e9 dans mon studio de prises de vues dans le haut Montreuil en 1999, celui-ci est devenu mon lieu de vie mais aussi le th\u00e9\u00e2tre de rencontres. Com\u00e9diens, danseurs, musiciens et autres artistes, ont fini par habituer certains producteurs et d\u00e9cideurs \u00e0 faire un d\u00e9placement qui n\u00e9tait pas si \u00e9vident dans les ann\u00e9es 90. Texte de Pedro Lombardi publi\u00e9 \u00e0 loccasion de lexposition  Une publication partag\u00e9e par fabienne_carat le 28 Oct. 2019 \u00e0 6 :42 PDT Toute reproduction interdite Les informations recueillies sont destin\u00e9es \u00e0 CCM Benchmark Group pour vous assurer lenvoi de votre newsletter. <img decoding=\"async\" src=\"http:\/\/img.xooimage.com\/files4\/e\/1\/2\/25-17723b.png\" alt=\"rencontre avec dounia coesens\" align=\"right\"> <img decoding=\"async\" src=\"http:\/\/www.pblv-plusbellelavie.fr\/wp-content\/uploads\/012.jpg\" alt=\"rencontre avec dounia coesens\" align=\"right\"> 2020 Getty Images. Le design Getty Images est une marque de Getty Images. MEURTRES A LA ROCHELLE TELEFILM DE \u00c9TIENNE DHAENE AVEC DOUNIA COESENS, PHILIPPE CAROIT FranceTV Pro Pressrooms du groupe France T\u00e9l\u00e9visions D\u00e9couvrez l\u00e9pisode Amours vraies de Plus belle la vie, mardi 3 avril \u00e0 20.55 sur France 3. ELA Infos 109 Mars 2020 A la Une : Symposium de recherche organis\u00e9 par ELA Familles : Des mesures pour laccompagnement des personnes en situation de handicap Mets tes baskets dans lentreprise : Pr\u00e9paration de la 10e \u00e9dition Elle a lair gentilles cest vrai. Ils passent jamais dans ma moselle natale les acteurs de Plus Belle la Vie. Pourtant je r\u00eave de rencontrer St\u00e9phane alias Boher.. Copyright Paris Match 2020. Tous droits r\u00e9serv\u00e9s. Le site Paris Match est \u00e9dit\u00e9 par Lagard\u00e8re M\u00e9dia News de Laurent Ruquier, mis en sc\u00e8ne par Steve Suissa, St\u00e9phanie Froeliger de Anna de Noailles Adaptation : Ludovic Michel, mis en sc\u00e8ne par Harcourt, assist\u00e9 de St\u00e9phanie Froeliger Comprend les r\u00e9sultats disponibles avec la formule s\u00e9lectionn\u00e9e : Comprend les r\u00e9sultats disponibles avec les formules s\u00e9lectionn\u00e9es : Comprend les r\u00e9sultats non disponibles avec votre formule. Comprend les r\u00e9sultats non disponibles avec vos formules.<\/p>\n","protected":false},"excerpt":{"rendered":"<p>rencontre avec dounia coesens<\/p>\n","protected":false},"author":1,"featured_media":0,"comment_status":"closed","ping_status":"closed","sticky":false,"template":"","format":"standard","meta":{"footnotes":""},"categories":[1],"tags":[],"_links":{"self":[{"href":"http:\/\/zupnija-gomilsko.rkc.si\/journal\/wp-json\/wp\/v2\/posts\/9800"}],"collection":[{"href":"http:\/\/zupnija-gomilsko.rkc.si\/journal\/wp-json\/wp\/v2\/posts"}],"about":[{"href":"http:\/\/zupnija-gomilsko.rkc.si\/journal\/wp-json\/wp\/v2\/types\/post"}],"author":[{"embeddable":true,"href":"http:\/\/zupnija-gomilsko.rkc.si\/journal\/wp-json\/wp\/v2\/users\/1"}],"replies":[{"embeddable":true,"href":"http:\/\/zupnija-gomilsko.rkc.si\/journal\/wp-json\/wp\/v2\/comments?post=9800"}],"version-history":[{"count":1,"href":"http:\/\/zupnija-gomilsko.rkc.si\/journal\/wp-json\/wp\/v2\/posts\/9800\/revisions"}],"predecessor-version":[{"id":9801,"href":"http:\/\/zupnija-gomilsko.rkc.si\/journal\/wp-json\/wp\/v2\/posts\/9800\/revisions\/9801"}],"wp:attachment":[{"href":"http:\/\/zupnija-gomilsko.rkc.si\/journal\/wp-json\/wp\/v2\/media?parent=9800"}],"wp:term":[{"taxonomy":"category","embeddable":true,"href":"http:\/\/zupnija-gomilsko.rkc.si\/journal\/wp-json\/wp\/v2\/categories?post=9800"},{"taxonomy":"post_tag","embeddable":true,"href":"http:\/\/zupnija-gomilsko.rkc.si\/journal\/wp-json\/wp\/v2\/tags?post=9800"}],"curies":[{"name":"wp","href":"https:\/\/api.w.org\/{rel}","templated":true}]}}