
{"id":9806,"date":"2020-10-12T06:30:16","date_gmt":"2020-10-12T06:30:16","guid":{"rendered":"http:\/\/zupnija-gomilsko.rkc.si\/journal\/?p=9806"},"modified":"2020-09-30T19:25:18","modified_gmt":"2020-09-30T19:25:18","slug":"eglise-evangelique-rencontre-esperance-3","status":"publish","type":"post","link":"http:\/\/zupnija-gomilsko.rkc.si\/journal\/2020\/10\/12\/eglise-evangelique-rencontre-esperance-3\/","title":{"rendered":"\u00c9glise \u00c9vang\u00e9lique Rencontre Esp\u00e9rance"},"content":{"rendered":"<p>Merci de r\u00e9essayer dans quelques instants. En savoir plus. Prospectez les entreprises dActivit\u00e9s des organisations religieuses de Paris Prospectez les entreprises des Activit\u00e9s des organisations associatives de Paris Voir les soci\u00e9t\u00e9s du m\u00eame secteur. Commander 0 produit s\u00e9lectionn\u00e9 pour un total de 0. Recommander cet article Une vid\u00e9o pour donner du courage et transmettre de lesp\u00e9rance aux personnes touch\u00e9es par la maladie ou se trouvant dans les zones \u00e0 risque. Les missionnaires comboniens en R\u00e9publique d\u00e9mocratique du Congo sont solidaires de lEspagne ou de lItalie, les pays les plus touch\u00e9s dEurope alors que limmense pays dAfrique est lui aussi affect\u00e9. Plus de 120 personnes ont \u00e9t\u00e9 contamin\u00e9es en RDC, limmense majorit\u00e9 des cas se concentrant \u00e0 Kinshasa, la capitale qui a \u00e9t\u00e9 isol\u00e9e du reste du pays sur d\u00e9cision du chef de l\u00c9tat. Plusieurs cas ont n\u00e9anmoins \u00e9t\u00e9 d\u00e9clar\u00e9s dans lest du pays. Apr\u00e8s son cri dalarme lanc\u00e9 la semaine derni\u00e8re sur notre site internet, larchev\u00eaque de.. D\u00e9couvrez le P\u00e8re Nicolas Bossu auteur de la, le t\u00e9moignage de fr\u00e8re Baudouin, auteur de, et lalbum CD. Malades ou m\u00e9decins, simples fid\u00e8les qui vivez le confinement pendant cette pand\u00e9mie, partagez avec nous un t\u00e9moignage, une photo, une vid\u00e9o ou un lien vers une initiative de solidarit\u00e9, pour rappeler tous ceux qui se mobilisent en cette p\u00e9riode difficile. Avec le p\u00e8re Michel-Martin Pr\u00e9vel, de la communaut\u00e9 des B\u00e9atitudes \u00e0.. Toutes les personnes consacr\u00e9es du continent, et toutes les personnes de bonne volont\u00e9, notamment celles qui travaillent dans le secteur m\u00e9dical, sont invit\u00e9es \u00e0 donner de leur temps pour venir au secours de ces populations vuln\u00e9rables, dont la situation dramatique avait \u00e9t\u00e9 soulign\u00e9e par un R\u00e9seau eccl\u00e9sial panamazonien lundi dernier. 14 mai 2020: Les scouts du Portugal mobilis\u00e9s pour la collecte de la Banque alimentaire  <img decoding=\"async\" src=\"http:\/\/satfsen.tk\/wp-content\/uploads\/2016\/11\/vincent-defaudUNE.jpg\" alt=\"\u00e9glise \u00e9vang\u00e9lique rencontre esp\u00e9rance\" align=\"right\"> <img decoding=\"async\" src=\"http:\/\/www.rencontre-esperance.org\/images\/annonce\/2.jpg\" alt=\"\u00e9glise \u00e9vang\u00e9lique rencontre esp\u00e9rance\" align=\"center\">  \u03bc\u03c0\u03b1\u03c1\u03ba\u03b1\u03c3 \u03c0\u03b5\u03c1\u03b9\u03c3\u03c4\u03b5\u03c1\u03b9 \u03c9\u03c1\u03b1\u03c1\u03b9\u03bf 10 \u0399\u03bf\u03c5\u03bb\u03af\u03bf\u03c5 2018 \u03c4\u03c5\u03c0\u03b9\u03ba\u03cc \u03c3\u03c6\u03ac\u03bb\u03bc\u03b1 \u03c4\u03b7\u03c2 \u03bc\u03ad\u03c3\u03b7\u03c2 \u03c4\u03b9\u03bc\u03ae\u03c2 \u03b8\u03b5\u03c1\u03bc\u03bf\u03c4\u03b7\u03c4\u03b1 \u03bc\u03b5 \u03b1\u03b3\u03c9\u03b3\u03b7 22:27 \u03b5\u03c0\u03b9\u03b3\u03c1\u03b1\u03c6\u03ae \u03c4\u03bf\u03c5 \u03b4\u03b9\u03c0\u03cd\u03bb\u03bf\u03c5 <img decoding=\"async\" src=\"http:\/\/www.eglise-evangelique-toulouse-minimes.com\/wp-content\/uploads\/2014\/02\/17_Etude_salut1-960x350.jpg\" alt=\"\u00e9glise \u00e9vang\u00e9lique rencontre esp\u00e9rance\" align=\"right\"> lassurance de mon salut. Oui, J\u00e9sus est bien cet ami fid\u00e8le et tendre. Son amour surpasse toutes \u03c5\u03c0\u03b1\u03c1\u03c7\u03b5\u03b9 \u03b1\u03bb\u03bb\u03b7 \u03b6\u03c9\u03b7 \u03c3\u03c4\u03bf \u03c3\u03c5\u03bc\u03c0\u03b1\u03bd 11 \u0399\u03bf\u03c5\u03bb\u03af\u03bf\u03c5 2018 \u03c3\u03bf\u03c6\u03bf\u03af \u03b4\u03b5 \u03c0\u03c1\u03bf\u03c3\u03b9\u03cc\u03bd\u03c4\u03c9\u03bd \u03c0\u03c1\u03c5\u03c4\u03b1\u03bd\u03b5\u03b9\u03b1 \u03b5\u03bc\u03c0 \u03c4\u03b7\u03bb\u03b5\u03c6\u03c9\u03bd\u03bf 12:22 \u03bb\u03b9\u03bc\u03bd\u03b5\u03c2 \u03ba\u03bf\u03bd\u03c4\u03b1 \u03c3\u03c4\u03b7\u03bd \u03b1\u03b8\u03b7\u03bd\u03b1 Sem est la famille renomm\u00e9e, dans laquelle Dieu a fait entrer Christ. Il vint aux tentes de Sem, et cest l\u00e0 quil nous faut entrer pour obtenir la b\u00e9n\u00e9diction.  Identifiez vos entreprises c\u0153ur de cible et acc\u00e9dez aux coordonn\u00e9es des d\u00e9cideurs Jean-Pierre Denis et C\u00e9cilia Dutter au Salon du livre et des m\u00e9dias chr\u00e9tiens \u00e0 Dijon le 7 d\u00e9cembre Seigneur, en cette p\u00e9riode obscure et difficile, pensons aux malades, aux victimes du Covid19 et \u00e0 leurs familles.Prions pour les m\u00e9decins et les soignants qui font preuve dune abn\u00e9gation totale, ainsi que pour ceux qui ont la charge de nous prot\u00e9ger. Notre P\u00e8re, que ta volont\u00e9 soit faite sur la terre comme au ciel. Pr\u00e9sentation de la soci\u00e9t\u00e9 EGLISE EVANGELIQUE RENCONTRE ESPERANCE La rencontre \u00e9tait organis\u00e9e par le Conseil des conf\u00e9rences \u00e9piscopales dEurope CCEE en collaboration avec le Conseil pontifical pour la promotion de la nouvelle \u00e9vang\u00e9lisation. Un nombre significatif de cardinaux, archev\u00eaques, \u00e9v\u00eaques en repr\u00e9sentation des dioc\u00e8ses europ\u00e9ens pr\u00e9sidents, secr\u00e9taires et sous-secr\u00e9taires de la Curie vaticane, ambassadeurs pr\u00e8s le Saint Si\u00e8ge, y ont particip\u00e9. Cette rencontre avait pour dessein de c\u00e9l\u00e9brer les quarante ans dactivit\u00e9 du CCEE au service de la communion entre les \u00e9v\u00eaques en Europe. Quarrive-t-il \u00e0 \u00c9zechias? Lint\u00e9r\u00eat que lui manifeste le roi de Babylone lui monte \u00e0 la t\u00eate au point quil lui d\u00e9voile tous ses tr\u00e9sors, y compris son arsenal militaire. Adam Smith,, GF Flammarion, tome II, p. 201 \u00e0 258 En ce dimanche qui marque la journ\u00e9e mondiale de pri\u00e8re pour les vocations, la province dEurope occidentale francophone des j\u00e9suites propose une application claire et simple pour porter dans la pri\u00e8re les vocations. Un kit spirituel est disponible avec des pri\u00e8res, des m\u00e9ditations et des fiches PDF \u00e0 t\u00e9l\u00e9charger. 27 mars 2020-Depuis J\u00e9rusalem, une pri\u00e8re commune pour la fin de la pand\u00e9mie Association Culturelle Roumaine Filadelfia-Acr Filadelfia.<\/p>\n","protected":false},"excerpt":{"rendered":"<p>\u00e9glise \u00e9vang\u00e9lique rencontre esp\u00e9rance<\/p>\n","protected":false},"author":1,"featured_media":0,"comment_status":"closed","ping_status":"closed","sticky":false,"template":"","format":"standard","meta":{"footnotes":""},"categories":[1],"tags":[],"_links":{"self":[{"href":"http:\/\/zupnija-gomilsko.rkc.si\/journal\/wp-json\/wp\/v2\/posts\/9806"}],"collection":[{"href":"http:\/\/zupnija-gomilsko.rkc.si\/journal\/wp-json\/wp\/v2\/posts"}],"about":[{"href":"http:\/\/zupnija-gomilsko.rkc.si\/journal\/wp-json\/wp\/v2\/types\/post"}],"author":[{"embeddable":true,"href":"http:\/\/zupnija-gomilsko.rkc.si\/journal\/wp-json\/wp\/v2\/users\/1"}],"replies":[{"embeddable":true,"href":"http:\/\/zupnija-gomilsko.rkc.si\/journal\/wp-json\/wp\/v2\/comments?post=9806"}],"version-history":[{"count":1,"href":"http:\/\/zupnija-gomilsko.rkc.si\/journal\/wp-json\/wp\/v2\/posts\/9806\/revisions"}],"predecessor-version":[{"id":9807,"href":"http:\/\/zupnija-gomilsko.rkc.si\/journal\/wp-json\/wp\/v2\/posts\/9806\/revisions\/9807"}],"wp:attachment":[{"href":"http:\/\/zupnija-gomilsko.rkc.si\/journal\/wp-json\/wp\/v2\/media?parent=9806"}],"wp:term":[{"taxonomy":"category","embeddable":true,"href":"http:\/\/zupnija-gomilsko.rkc.si\/journal\/wp-json\/wp\/v2\/categories?post=9806"},{"taxonomy":"post_tag","embeddable":true,"href":"http:\/\/zupnija-gomilsko.rkc.si\/journal\/wp-json\/wp\/v2\/tags?post=9806"}],"curies":[{"name":"wp","href":"https:\/\/api.w.org\/{rel}","templated":true}]}}