
{"id":9820,"date":"2020-10-12T21:05:37","date_gmt":"2020-10-12T21:05:37","guid":{"rendered":"http:\/\/zupnija-gomilsko.rkc.si\/journal\/?p=9820"},"modified":"2020-09-30T19:48:05","modified_gmt":"2020-09-30T19:48:05","slug":"rencontres-cinema-italien-toulouse-4","status":"publish","type":"post","link":"http:\/\/zupnija-gomilsko.rkc.si\/journal\/2020\/10\/12\/rencontres-cinema-italien-toulouse-4\/","title":{"rendered":"Rencontres Cinema Italien Toulouse"},"content":{"rendered":"<p>Vous cherchez un document sur une conf\u00e9rence de presse de la CGT, un communiqu\u00e9, lintervention dun-e dirigeant-e, les coordonn\u00e9es des Relations presse de la CGT? Vous \u00eates au bon endroit! Festival international du cin\u00e9ma des peuples \u00c2n\u00fb\u00fb-r\u00fb \u00c2boro : octobre Heureux comme Lazzaro dAlice Rochwacher ouvrira le cycle mercredi 23 janvier. La r\u00e9alisatrice, dont nous avions admir\u00e9 Les merveilles il ya 3 ans livre une fable po\u00e9tique, symboliste et politique sur les d\u00e9sillusions du monde contemporain. Prix du sc\u00e9nario au Festival de Cannes 2018, ce film est myst\u00e9rieux et envo\u00fbtant. Les enfants seraient bel et bien peu sensibles au coronavirus et peu contagieux. Cest la conclusion dune \u00e9tude men\u00e9e en Ile-de-France aupr\u00e8s de plusieurs centaines denfants, dont les r\u00e9sultats ont \u00e9t\u00e9 d\u00e9voil\u00e9s en pr\u00e9-publication ce jeudi 4 juin. Cette \u00e9tude, soutenue par lAssociation fran\u00e7aise de p\u00e9diatrie ambulatoire et pilot\u00e9e par le p\u00e9diatre et infectiologue \u00e0 lh\u00f4pital de Cr\u00e9teil Val-de-Marne Robert Cohen, conclue en bref que les enfants semblent moins contamin\u00e9s et moins contaminants. Dans le d\u00e9tail, lanalyse portait sur 605 jeunes patients de moins de 15 ans, suivis par 27 p\u00e9diatres de ville, entre le 14 avril et le 12 mai. L\u00e9tude pr\u00e9cise que 46,8 soit 283 pr\u00e9sentaient des sympt\u00f4mes l\u00e9gers, allant dune simple toux \u00e0 de la fi\u00e8vre, en passant par des diarrh\u00e9es ou des pertes de go\u00fbt. A linverse, plus de la moiti\u00e9 53,2 soit 322 \u00e9taient asymptomatiques, m\u00eame si une part 118 enfants avaient connu des sympt\u00f4mes en amont des tests.  La Butineuse organise une vente flash de plantes dext\u00e9rieur bonnes pour les abeilles! d\u00e8s \u00e0 pr\u00e9sent et jusquau 31 mai prochain. Pour r\u00e9cup\u00e9rer vos plantes, direction le pop-up store de La Butineuse, ouvert du 13 au 21 juin dans le 3e arrondissement! refermer \u00eates-vous certain de vouloir supprimer cet article?  Amateurs de belles promenades, \u00e0 vos agendas! Le Ch\u00e2teau de Saint-Germain-en-Laye a annonc\u00e9 avoir rouvert son domaine \u00e0 la visite le 6 juin 2020, pour le plus grand plaisir des familles et promeneurs du dimanche.. Loccasion de d\u00e9couvrir cet immense domaine avant la r\u00e9ouverture prochaine du Ch\u00e2teau de Saint-Germain-en-Laye-Mus\u00e9e dArch\u00e9ologie Nationale. Il ny aura pas de c\u00e9r\u00e9monies religieuses avant le 2 juin. Les festivals de Cannes et dAnnecy invit\u00e9s au Festival de Festival International du film dArras : novembre \u00c0 la fin avril, selon le barom\u00e8tre LPI-SeLoger, les prix des logements ont continu\u00e9 daugmenter, notamment au sein des grandes villes puisquils nont recul\u00e9 que dans 5 des villes de plus de 100 000 habitants, lit-on. Le nombre de compromis de ventes a tout de m\u00eame baiss\u00e9 de 47, 9. <img decoding=\"async\" src=\"http:\/\/pbs.twimg.com\/media\/DnSBS6AW4AA3RMI.jpg\" alt=\"rencontres cinema italien toulouse\" align=\"center\"> <img decoding=\"async\" src=\"http:\/\/abc-toulouse.fr\/affiches-de-films\/2014-11-24_17-11-23_italie2014.jpg\" alt=\"rencontres cinema italien toulouse\" align=\"left\"> Du grain \u00e0 d\u00e9moudre, Gonfreville lOrcher : novembre, festival de films gays, lesbiens, trans et de Paris Metti la nonna in freezer Mets Mamie au cong\u00e9lo, de Giancarlo Fontana, Giuseppe Stasi. Com\u00e9die avec Fabio De Luigi, Miriam Leone, Lucia Ocone, Marina Rocco. Les trois quarts des sond\u00e9s aimeraient obtenir plus de jours de t\u00e9l\u00e9travail quavant la crise Linqui\u00e9tude du D\u00e9confinement <img decoding=\"async\" src=\"http:\/\/blog.culture31.com\/wp-content\/uploads\/italie-prog.jpg\" alt=\"rencontres cinema italien toulouse\" align=\"right\"> Cette m\u00e9thode que lon peut traduire avanc\u00e9e, puis recul consiste \u00e0 alterner les p\u00e9riodes de confinement et de d\u00e9confinement en fonction de l\u00e9volution de la situation sanitaire. Chef d\u0153uvre de larchitecture antique, le Pont du Gard est lun des vestiges romains le mieux conserv\u00e9 au monde. D\u00e9couvrez un monument grandiose a.. De nombreux autre \u00e9l\u00e9ments scientifiques peuvent \u00eatre rassembl\u00e9s pour accr\u00e9diter la th\u00e8se des chercheurs fran\u00e7ais, ainsi que de nombreux avis dexperts. Parmi les derniers, Christ\u00e8le Gras-Le Guen, Professeur des Universit\u00e9 en p\u00e9diatrie, chef du service de p\u00e9diatrie g\u00e9n\u00e9rale et des urgences p\u00e9diatriques au CHU Nantes, assurait tr\u00e8s r\u00e9cemment dans un entretien au site elle aussi quil faut rassurer les familles. Cette maladie, dont on ne conna\u00eet certes pas tout, na absolument pas montr\u00e9 de caract\u00e8re inqui\u00e9tant chez les jeunes. Dans limmense majorit\u00e9 des cas, il ny a pas de contre-indications \u00e0 ce que ces enfants, consid\u00e9r\u00e9s dhabitude comme fragiles et quon garde \u00e0 labri des infections virales, ne retournent \u00e0 l\u00e9cole, estime cette autre vice-pr\u00e9sidente de la Soci\u00e9t\u00e9 fran\u00e7aise de p\u00e9diatrie.  13h20 LEquipe Cyclisme LEquipe Replay Les Grandes Etapes du Tour Planning des \u00e9tapes : Campagne v\u00e9nitienne, collines du Prosecco. Une s\u00e9rie de meurtres et un seul indice : la mort du comte Desiderio Ancillotto, un grand vigneron qui semble avoir mis en sc\u00e8ne en sc\u00e8ne son suicide soudain et th\u00e9\u00e2tral. Dubitatif, linspecteur Stucky enqu\u00eate Une tr\u00e8s belle randonn\u00e9e dans les Vosges granitiques qui nous conduit dun lac \u00e0 lautre avant de gagner les chaumes perch\u00e9s sur les hauteurs. Bord\u00e9 de sapins et de rochers, le lac Noir, lac glaciaire situ\u00e9 sous la cr\u00eate du versant est du massif des Vosges vers 935 m daltitude est le d\u00e9part de cette balade de 5 heures, de niveau moyen. De l\u00e0, vous entamez la randonn\u00e9e au sein dun environnement pr\u00e9serv\u00e9 et verdoyant, riche en points de vue sur la plaine dAlsace. Trois amis vivant \u00e0 Pietramezzana, un petit village de Basilicata, ne se r\u00e9signent pas au d\u00e9clin de leur village minier. Louverture dune nouvelle usine est loccasion quils attendent.<\/p>\n","protected":false},"excerpt":{"rendered":"<p>rencontres cinema italien toulouse<\/p>\n","protected":false},"author":1,"featured_media":0,"comment_status":"closed","ping_status":"closed","sticky":false,"template":"","format":"standard","meta":{"footnotes":""},"categories":[1],"tags":[],"_links":{"self":[{"href":"http:\/\/zupnija-gomilsko.rkc.si\/journal\/wp-json\/wp\/v2\/posts\/9820"}],"collection":[{"href":"http:\/\/zupnija-gomilsko.rkc.si\/journal\/wp-json\/wp\/v2\/posts"}],"about":[{"href":"http:\/\/zupnija-gomilsko.rkc.si\/journal\/wp-json\/wp\/v2\/types\/post"}],"author":[{"embeddable":true,"href":"http:\/\/zupnija-gomilsko.rkc.si\/journal\/wp-json\/wp\/v2\/users\/1"}],"replies":[{"embeddable":true,"href":"http:\/\/zupnija-gomilsko.rkc.si\/journal\/wp-json\/wp\/v2\/comments?post=9820"}],"version-history":[{"count":1,"href":"http:\/\/zupnija-gomilsko.rkc.si\/journal\/wp-json\/wp\/v2\/posts\/9820\/revisions"}],"predecessor-version":[{"id":9821,"href":"http:\/\/zupnija-gomilsko.rkc.si\/journal\/wp-json\/wp\/v2\/posts\/9820\/revisions\/9821"}],"wp:attachment":[{"href":"http:\/\/zupnija-gomilsko.rkc.si\/journal\/wp-json\/wp\/v2\/media?parent=9820"}],"wp:term":[{"taxonomy":"category","embeddable":true,"href":"http:\/\/zupnija-gomilsko.rkc.si\/journal\/wp-json\/wp\/v2\/categories?post=9820"},{"taxonomy":"post_tag","embeddable":true,"href":"http:\/\/zupnija-gomilsko.rkc.si\/journal\/wp-json\/wp\/v2\/tags?post=9820"}],"curies":[{"name":"wp","href":"https:\/\/api.w.org\/{rel}","templated":true}]}}