
{"id":9830,"date":"2020-10-12T07:03:15","date_gmt":"2020-10-12T07:03:15","guid":{"rendered":"http:\/\/zupnija-gomilsko.rkc.si\/journal\/?p=9830"},"modified":"2020-09-30T20:18:25","modified_gmt":"2020-09-30T20:18:25","slug":"annonce-rencontre-senegalaise-3","status":"publish","type":"post","link":"http:\/\/zupnija-gomilsko.rkc.si\/journal\/2020\/10\/12\/annonce-rencontre-senegalaise-3\/","title":{"rendered":"Annonce Rencontre Senegalaise"},"content":{"rendered":"<p>A Dakar, le S\u00e9n\u00e9gal et la France saccordent pour lutter contre limmigration irr\u00e9guli\u00e8re Le est le chef de l\u00c9tat, \u00e9lu au direct pour une dur\u00e9e de cinq ans renouvelable une fois. Il nomme le Premier ministre qui choisit \u00e0 son tour les ministres de son cabinet et propose leur nomination au pr\u00e9sident de la R\u00e9publique.  <img decoding=\"async\" src=\"http:\/\/www.sen360.com\/img\/article\/viviane-chidid-rencontre-mimi-toure-et-son-excellence-l-039-ambassadeur-de-la-france-au-senegal-pour-le-lancement-du-wuyuma-tour-2017-729336-new.jpg\" alt=\"annonce rencontre senegalaise\" align=\"center\"> Une vid\u00e9o est pr\u00e9sent\u00e9e sur les r\u00e9seaux sociaux comme \u00e9tant la preuve dun accord entre le pr\u00e9sident s\u00e9n\u00e9galais Macky Sall et le milliardaire am\u00e9ricain Bill Gates pour faire tester des vaccins contre le coronavirus au S\u00e9n\u00e9gal. Cest faux : ces images ont \u00e9t\u00e9 tourn\u00e9es en 2016, lors dune rencontre entre les deux hommes en marge dun sommet international \u00e0 Montr\u00e9al. Il nexiste pas \u00e0 lheure actuelle de vaccin contre le nouveau coronavirus. Un rendez-vous annuel-accessible \u00e0 tous-qui a pour ambition de soutenir la libert\u00e9 dexpression, de pens\u00e9e et de cr\u00e9ation pour favoriser et encourager le dialogue inter-culturel et social. Nous partageons lid\u00e9e que le rayonnement des cultures constitue une \u00e9tape n\u00e9cessaire \u00e0 la reconnaissance mutuelle afin de susciter aupr\u00e8s de tous les publics une r\u00e9flexion sur les r\u00e9alit\u00e9s historiques, politiques, \u00e9conomiques, sociales et culturelles dans le but de contribuer au rapprochement des peuples de toutes origines. Processus et former mes artisans s\u00e9n\u00e9galais. Je me suis concentr\u00e9e sur S\u00e9n\u00e9gal. Echec de la rencontre de Dakar: les Francs-ma\u00e7ons fran\u00e7ais menacent-Le360afrique.com maim\u00e9 avoir une relation pure et sinc\u00e8re. Je suis  Appel\u00e9 Aphro-Cov, ce programme ciblera les laboratoires, le dispositif dalerte pr\u00e9coce, les services cliniques et, via une sensibilisation et une communication renforc\u00e9e, toute la population, indique lInserm sur son site internet. Coucou les amies je me prenom vanessa suis camerounais vivant au S\u00e9n\u00e9gal je suis a la recherche dune amie avec qui pass\u00e9 du temps fais les sortir samuser et autre.. La premi\u00e8re ann\u00e9e, Xavier exerce larchitecture pour le compte du minist\u00e8re de lEquipement au Burkina Faso. Exp\u00e9rience marquante, il rentre en France en moto en traversant le Sahara. Le minist\u00e8re des Affaires \u00e9trang\u00e8res en France lui propose une mission durbanisme de quatre ans au P\u00e9rou, o\u00f9 sa premi\u00e8re fille na\u00eet. Puis il est affect\u00e9 six ans en C\u00f4te dIvoire comme architecte au minist\u00e8re de la sant\u00e9. Une mission de deux ans lui est par la suite confi\u00e9e \u00e0 lAgence dUrbanisme et dam\u00e9nagement de Guadeloupe afin dy d\u00e9velopper des op\u00e9rations de r\u00e9sorption dhabitat insalubre, p\u00e9riode pendant laquelle sa deuxi\u00e8me fille voit le jour. Il r\u00e9alise ensuite pendant trois ans une mission durbanisme au Cameroun. En 2004, vingt ans apr\u00e8s lobtention de son dipl\u00f4me, les missions de coop\u00e9ration internationale se rar\u00e9fient et Xavier cherche donc \u00e0 sins\u00e9rer sur le march\u00e9 professionnel fran\u00e7ais. Mais avec un parcours aussi diversifi\u00e9, la t\u00e2che nest pas ais\u00e9e. Cest alors quil choisit dinscrire sa trajectoire dans le sillon de ses anc\u00eatres s\u00e9n\u00e9galais. Retour au S\u00e9n\u00e9gal Fili\u00e8re p\u00eache : fili\u00e8re responsable et nouveaux accords SEN, selon la norme, code alpha-3 liste des codes pays ; Photo : Le projet Oldyssey est pass\u00e9 par le S\u00e9n\u00e9gal en juin 2018-Int\u00e9gration croissante au march\u00e9 africain PROGRAMME En 1994, la monnaie est d\u00e9valu\u00e9e et une politique de lib\u00e9ralisation est activement men\u00e9e. Le S\u00e9n\u00e9gal essaye de rentrer dans les conditions requises par le FMI afin de b\u00e9n\u00e9ficier dun all\u00e8gement de la dette pour le d\u00e9veloppement du pays. Depuis 2006, le S\u00e9n\u00e9gal est dans la liste des pays \u00e9ligibles.  Pour permettre de payer le transport et les frais des intervenants b\u00e9n\u00e9voles nous proposons une contribution de 500 par stagiaire. Pour permettre \u00e0 un plus grand nombre de personnes de participer nous proposons un tarif solidaire de 600 qui permet \u00e0 des stagiaires de participer \u00e0 un prix r\u00e9duit de 400 <img decoding=\"async\" src=\"http:\/\/kjorlbingwine.gq\/wp-content\/uploads\/2018\/01\/soldes_hiver_a4_1.jpg\" alt=\"annonce rencontre senegalaise\" align=\"left\"> Notices dans des dictionnaires ou encyclop\u00e9dies g\u00e9n\u00e9ralistes : Sinc\u00e9rit\u00e9 respect femme c\u00e9libataire de 50 ans cherche homme pour rencontre s\u00e9rieuse LAcad\u00e9mie nationale des sciences et techniques du S\u00e9n\u00e9gal ANSTS annonce organiser une rencontre d\u00e9changes, jeudi, \u00e0 15 heures, \u00e0 lh\u00f4tel Novotel, en pr\u00e9lude au lancement dune base de donn\u00e9es qui, cr\u00e9\u00e9e sur son initiative, r\u00e9pertorie les scientifiques de la diaspora dans divers domaines. Magnifique villa construite sur une surface de 450m carre dont 100m carre habitable avec 3 chambre salon <img decoding=\"async\" src=\"http:\/\/galsen221.com\/wp-content\/uploads\/2016\/05\/noel-932x487.png\" alt=\"annonce rencontre senegalaise\" align=\"center\"> 20 Les projets dam\u00e9nagement de la Ville de Dakar, associ\u00e9e \u00e0 la commune du Plateau Place de lInd\u00e9pe Ces pratiques, certes ill\u00e9gales, ne paraissent pas pour autant ill\u00e9gitimes aux yeux des djengers et de ceux qui partagent cette philosophie. Leurs cours et garages sont-ils en quelque sorte des makerspaces informels? Au regard de cette philosophie du partage et de la collaboration, tous les djengers sont-ils des makers? Et les makers en Afrique se doivent-ils d\u00eatre des djengers? Faux amis, vrais jumeaux? Tout contenu associ\u00e9 \u00e0 une personne de moins de 18 ans.<\/p>\n","protected":false},"excerpt":{"rendered":"<p>annonce rencontre senegalaise<\/p>\n","protected":false},"author":1,"featured_media":0,"comment_status":"closed","ping_status":"closed","sticky":false,"template":"","format":"standard","meta":{"footnotes":""},"categories":[1],"tags":[],"_links":{"self":[{"href":"http:\/\/zupnija-gomilsko.rkc.si\/journal\/wp-json\/wp\/v2\/posts\/9830"}],"collection":[{"href":"http:\/\/zupnija-gomilsko.rkc.si\/journal\/wp-json\/wp\/v2\/posts"}],"about":[{"href":"http:\/\/zupnija-gomilsko.rkc.si\/journal\/wp-json\/wp\/v2\/types\/post"}],"author":[{"embeddable":true,"href":"http:\/\/zupnija-gomilsko.rkc.si\/journal\/wp-json\/wp\/v2\/users\/1"}],"replies":[{"embeddable":true,"href":"http:\/\/zupnija-gomilsko.rkc.si\/journal\/wp-json\/wp\/v2\/comments?post=9830"}],"version-history":[{"count":1,"href":"http:\/\/zupnija-gomilsko.rkc.si\/journal\/wp-json\/wp\/v2\/posts\/9830\/revisions"}],"predecessor-version":[{"id":9831,"href":"http:\/\/zupnija-gomilsko.rkc.si\/journal\/wp-json\/wp\/v2\/posts\/9830\/revisions\/9831"}],"wp:attachment":[{"href":"http:\/\/zupnija-gomilsko.rkc.si\/journal\/wp-json\/wp\/v2\/media?parent=9830"}],"wp:term":[{"taxonomy":"category","embeddable":true,"href":"http:\/\/zupnija-gomilsko.rkc.si\/journal\/wp-json\/wp\/v2\/categories?post=9830"},{"taxonomy":"post_tag","embeddable":true,"href":"http:\/\/zupnija-gomilsko.rkc.si\/journal\/wp-json\/wp\/v2\/tags?post=9830"}],"curies":[{"name":"wp","href":"https:\/\/api.w.org\/{rel}","templated":true}]}}