
{"id":9842,"date":"2020-10-12T01:07:32","date_gmt":"2020-10-12T01:07:32","guid":{"rendered":"http:\/\/zupnija-gomilsko.rkc.si\/journal\/?p=9842"},"modified":"2020-09-30T20:51:31","modified_gmt":"2020-09-30T20:51:31","slug":"salon-rencontres-entre-professionnels-4","status":"publish","type":"post","link":"http:\/\/zupnija-gomilsko.rkc.si\/journal\/2020\/10\/12\/salon-rencontres-entre-professionnels-4\/","title":{"rendered":"Salon Rencontres Entre Professionnels"},"content":{"rendered":"<p>Ce nest plus un secret pour personne, avoir un jardin durant le confinement est devenu une v\u00e9ritable aubaine! Toutefois, 11 des Fran\u00e7ais ne poss\u00e8dent aucun espace ext\u00e9rieur attenant \u00e0 leur logement. Sur ce point, les propri\u00e9taires sont nettement mieux lotis que les locataires en terme des conditions de logement. Puisque seulement 4 des propri\u00e9taires nont aucun espace ext\u00e9rieur, contre 20 des locataires. Vous voulez prendre part aux grands d\u00e9bats qui agitent notre soci\u00e9t\u00e9,  un p\u00f4le fabrication o\u00f9 les produits seront mis en \u0153uvre et o\u00f9 les visiteurs pourront assister \u00e0 des d\u00e9monstrations et \u00e0 la d\u00e9gustation de : Pour communiquer sur FrenchWeb ou le Journal des RH, Ils sont compl\u00e9t\u00e9s par des plans de soutien durgence aux secteurs les plus touch\u00e9s par la crise, repr\u00e9sentant une mobilisation de ressources de 43,5 Md au total, auxquels lEtat et ses op\u00e9rateurs contribuent fortement :  FORMA sadresse aux coll\u00e9giens, aux lyc\u00e9ens, aux \u00e9tudiants du grand bassin ann\u00e9cien, aux personnes en recherche demploi, parents et enseignants. Report des Rencontres Parisiennes Sp\u00e9cial destination Rh\u00f4ne-Alpes 29 septembre 2020 Comment assurer la continuit\u00e9 de service de vos infrastructures informatiques?  Des animations originales comme avec notre agence Magic Branding pour mettre en lumi\u00e8res votre offres et captiver lattention du public. Nous partagerons avec vous nos meilleurs pratiques en mati\u00e8re de mise en \u0153uvre dun dispositif dalertes professionnelles. Nous discutons tous les jours avec des dirigeants dentreprises dans le cadre de nos activit\u00e9s et une question revient fr\u00e9quemment : avons-nous besoin dun dispositif dalertes professionnelles externalis\u00e9? Quelle est sa valeur ajout\u00e9e par rapport \u00e0 un dispositif interne comme un adresse email par exemple? Cette 17\u00e8me \u00e9dition poursuivra son ascension dans un march\u00e9 qui se caract\u00e9rise par sa bonne sant\u00e9 \u00e9conomique. Solutions et innovations seront les ma\u00eetres dordre qui animeront les multiples rencontres entre professionnels. Digitalisation, robotique, r\u00e9duction de limpact \u00e9nerg\u00e9tique seront les sujets-cl\u00e9s anim\u00e9s notamment par un programme de conf\u00e9rences et dateliers. Recherche de nouveaux franchis\u00e9s pour d\u00e9velopper leur concept et 13-02-19 : Constitution de lOPCO des Services \u00e0 forte intensit\u00e9 de main doeuvre : les discussions sacc\u00e9l\u00e8rent Votre adresse de messagerie est uniquement utilis\u00e9e pour vous envoyer les lettres dinformation dAPRIL Entreprise. Vous pouvez \u00e0 tout moment utiliser le lien de d\u00e9sabonnement int\u00e9gr\u00e9 dans la newsletter. Je minscris, sur europe1.fr, 12 f\u00e9vrier 2013 consult\u00e9 le 11 avril 2013 Cliquez sur le lien ci-contre pour nos informations de contact et plan dacc\u00e8s. <img decoding=\"async\" src=\"http:\/\/www.dromedeguitares.org\/wp-content\/uploads\/2016\/01\/slide-salon-1.jpg\" alt=\"salon rencontres entre professionnels\" align=\"left\"> mobiliser leurs capacit\u00e9s dinvestissement afin de soutenir la relance de l\u00e9conomie fran\u00e7aise \u00e0 travers un programme dinvestissement de 1,5 milliard deuros : les assureurs vont investir dans des fonds de place, pour apporter des financements en fonds propres aux PME et aux ETI, afin de soutenir la reprise \u00e9conomique et le red\u00e9marrage de linvestissement <img decoding=\"async\" src=\"http:\/\/www.vivrecotesud.fr\/images\/homeslides\/Cote_Decors_lAne_Bleu_AA_3915__1240_480.jpg\" alt=\"salon rencontres entre professionnels\" align=\"left\"> Que ce soit sur une pathologie en particulier ou une r\u00e9flexion soci\u00e9tale comme la prise en charge des seniors, R\u00e9\u00e9duca permet l\u00e9change de points de vue sur diff\u00e9rentes animations. Un salon consacr\u00e9 \u00e0 lagriculture biologique, au bien-\u00eatre et au commerce \u00e9quitable. Des espaces conf\u00e9rences, ateliers, d\u00e9tente-relaxation, b\u00e9b\u00e9s. Par \u00e9quipe de 2 ou 3, les participants partent \u00e0 la rencontre des entreprises afin de d\u00e9couvrir leur secteur dactivit\u00e9, leurs m\u00e9tiers et les \u00e9ventuelles opportunit\u00e9s demploi. L\u00e9v\u00e9nement d\u00e9di\u00e9 aux spiritueux et organis\u00e9 par La Maison du Whisky, qui simpose comme lun des plus importants au niveau europ\u00e9en, investit cette ann\u00e9e La Grande Halle de La Villette du 26 au 28 septembre 2020. Au-del\u00e0 du plateau d\u00e9gustation, principalement d\u00e9di\u00e9 au whisky, qui r\u00e9unit plus de 150 marques, le Whisky Live Paris, cest aussi un espace VIP pr\u00e9sentant une centaines de nouveaut\u00e9s prestigieuses single casks, \u00e9ditions limit\u00e9s, etc, un espace Collectors, la Rhum Gallery enti\u00e8rement consacr\u00e9e \u00e0 leau-de-vie de canne et accessible avec un pass Whisky Live Paris ou un pass d\u00e9di\u00e9, le Forum o\u00f9 se tiennent les masterclass ainsi quune boutique au sein de laquelle chaque possesseur dun billet Whisky Live Paris pourra b\u00e9n\u00e9ficier dune r\u00e9duction de 10 sur ses achats. Le Whisky Live Paris, cest aussi la Cocktail Street : une rue ouverte \u00e0 tous, visiteurs du Whisky Live Paris ou non, mettant \u00e0 lhonneur la mixologie. <img decoding=\"async\" src=\"http:\/\/www.terangavoyagesgabon.com\/wp-content\/uploads\/2018\/03\/Salon2.jpg\" alt=\"salon rencontres entre professionnels\" align=\"right\">.<\/p>\n","protected":false},"excerpt":{"rendered":"<p>salon rencontres entre professionnels<\/p>\n","protected":false},"author":1,"featured_media":0,"comment_status":"closed","ping_status":"closed","sticky":false,"template":"","format":"standard","meta":{"footnotes":""},"categories":[1],"tags":[],"_links":{"self":[{"href":"http:\/\/zupnija-gomilsko.rkc.si\/journal\/wp-json\/wp\/v2\/posts\/9842"}],"collection":[{"href":"http:\/\/zupnija-gomilsko.rkc.si\/journal\/wp-json\/wp\/v2\/posts"}],"about":[{"href":"http:\/\/zupnija-gomilsko.rkc.si\/journal\/wp-json\/wp\/v2\/types\/post"}],"author":[{"embeddable":true,"href":"http:\/\/zupnija-gomilsko.rkc.si\/journal\/wp-json\/wp\/v2\/users\/1"}],"replies":[{"embeddable":true,"href":"http:\/\/zupnija-gomilsko.rkc.si\/journal\/wp-json\/wp\/v2\/comments?post=9842"}],"version-history":[{"count":1,"href":"http:\/\/zupnija-gomilsko.rkc.si\/journal\/wp-json\/wp\/v2\/posts\/9842\/revisions"}],"predecessor-version":[{"id":9843,"href":"http:\/\/zupnija-gomilsko.rkc.si\/journal\/wp-json\/wp\/v2\/posts\/9842\/revisions\/9843"}],"wp:attachment":[{"href":"http:\/\/zupnija-gomilsko.rkc.si\/journal\/wp-json\/wp\/v2\/media?parent=9842"}],"wp:term":[{"taxonomy":"category","embeddable":true,"href":"http:\/\/zupnija-gomilsko.rkc.si\/journal\/wp-json\/wp\/v2\/categories?post=9842"},{"taxonomy":"post_tag","embeddable":true,"href":"http:\/\/zupnija-gomilsko.rkc.si\/journal\/wp-json\/wp\/v2\/tags?post=9842"}],"curies":[{"name":"wp","href":"https:\/\/api.w.org\/{rel}","templated":true}]}}