
{"id":9844,"date":"2020-10-12T04:04:37","date_gmt":"2020-10-12T04:04:37","guid":{"rendered":"http:\/\/zupnija-gomilsko.rkc.si\/journal\/?p=9844"},"modified":"2020-09-30T20:52:24","modified_gmt":"2020-09-30T20:52:24","slug":"rencontre-nolwenn-leroy-arnaud-clement-4","status":"publish","type":"post","link":"http:\/\/zupnija-gomilsko.rkc.si\/journal\/2020\/10\/12\/rencontre-nolwenn-leroy-arnaud-clement-4\/","title":{"rendered":"Rencontre Nolwenn Leroy Arnaud Clement"},"content":{"rendered":"<p><img decoding=\"async\" src=\"http:\/\/www.nolwenn-online.com\/forumnol\/upload\/1370018915.jpg\" alt=\"rencontre nolwenn leroy arnaud clement\" align=\"left\"> Une semaine apr\u00e8s la d\u00e9faite de la France en finale de la Coupe Davis face \u00e0 la Suisse 1-3, livrait son sentiment lors dun entretien accord\u00e9 \u00e0 Infosport. Selon lancien champion, l\u00e9quipe de France \u00e9tait mal pr\u00e9par\u00e9e : Ils n\u00e9taient pas pr\u00eats \u00e0 affronter cet \u00e9v\u00e9nement, jai senti que le match, on lavait perdu avant. Mieux, celui qui officie \u00e0 pr\u00e9sent en tant que chanteur se proposait presque au poste de capitaine : Si demain les cinq joueurs me disent Yann, on y va, l\u00e0 \u00e7a serait int\u00e9ressant et peut-\u00eatre quon aurait une chance, ou pas dailleurs. Si je my mets, \u00e7a ne va pas rigoler! Un clin doeil tr\u00e8s rare puisque le couple continue depuis 10 ans \u00e0 vivre discr\u00e8tement son idylle. De son c\u00f4t\u00e9, Nolwenn a r\u00e9cemment accept\u00e9 de se confier sur sa grossesse. Elle qui vient de sortir un nouvel album Folk a assur\u00e9 dans les colonnes de Gala : qui ma vue grandir ma destabilis\u00e9e. Moi qui suis si discr\u00e8te, si secr\u00e8te, je me suis pos\u00e9 beaucoup de questions. Du rouge dans la nuitLes feux du taxiLaisser la chambreEt quelques cendresCest sa vie En 2004, lors dune \u00e9mission m\u00e9dicale sur aux \u00c9tats-Unis, le neurologue Frederick R. Carrick pr\u00e9sente le rapport de ses recherches en ; il aurait prouv\u00e9 les effets b\u00e9n\u00e9fiques de la voix de la chanteuse sur les l\u00e9sions c\u00e9r\u00e9brales influences au niveau corporel et sensoriel. La diffusion de lextrait du titre 14 f\u00e9vrier a provoqu\u00e9 une envol\u00e9e des commandes dans le pays 50 e ventes sur Amazon Am\u00e9rique et un \u00e9puisement qui conduit Universal \u00e0 presser durgence un million dalbums. Pas question pour autant de mettre de c\u00f4t\u00e9 sa carri\u00e8re. On devrait la voir tr\u00e8s vite revenir sur le devant de la sc\u00e8ne : elle vient de sortir son single Gemme, pr\u00e9lude \u00e0 son nouvel album qui devrait arriver dans les bacs d\u00e9but septembre. Avant dencha\u00eener avec une grande tourn\u00e9e au d\u00e9but de lann\u00e9e 2018. Jen profite pour remercier, Marion Cotillard et L\u00e9a Salam\u00e9 qui prouvent \u00e0 tout le monde que lon peut \u00eatre m\u00e8re sans sarr\u00eater de travailler, jugeait-elle avec malice dans Le Parisien. Je serai artiste et maman \u00e0 plein temps. Profitez de tous les articles du site en illimit\u00e9, sur lecho.org.uk, 21 janvier 2016 consult\u00e9 le 11 ao\u00fbt 2016 : Kate Bush, pour moi, cest la grande pr\u00eatresse, cest linspiration m\u00eame, cest elle qui a ouvert la voie \u00e0 un tas de chanteurs dans le monde. Ils se sont rencontr\u00e9s au d\u00e9but de lann\u00e9e 2008, depuis, la chanteuse Nolwenn Leroy et le lancien tennisman professionnel Arnaud Cl\u00e9ment filent le parfait amour. La chanteuse de 34 ans a donn\u00e9 ce jeudi naissance, Le Monde, 13 juillet 2011, consult\u00e9 le 12 mai 2014 Je pense plut\u00f4t que lHomme nest pas fait pour vivre seul. Homme ou femme, on ne vit pas compl\u00e8tement c\u00e9libataire et on est pas fait pour \u00e7a. , La D\u00e9p\u00eache du Midi, 5 juillet 2013, consult\u00e9 le 9 mai 2014 Pourtant, ils se sont toujours d\u00e9brouill\u00e9s pour se retrouver. Il n\u00e9tait ainsi pas rare dapercevoir Nolwenn dans les gradins des stades de tennis. Je nai pas besoin dun amoureux pour \u00eatre bien dans ma peau, avouait la chanteuse Nolwenn Leroy dans Elle, en 2011. Jai eu longtemps une relation longue distance avec un homme qui habitait loin de moi. Nos retrouvailles \u00e9taient dautant plus passionn\u00e9es. Aujourdhui, je suis un peu revenue des relations destructrices, je suis plus pos\u00e9e VIDEO. Nolwenn Leroy et son histoire avec Arnaud Cl\u00e9ment : La vie de couple est lune des choses les plus difficiles on verra dans 10 ans si elle est toujours avec cl\u00e9ment  Cest une col\u00e8re due au manque de respect total \u00e0 mon \u00e9gard, a-t-il dabord d\u00e9gain\u00e9 dans une interview accord\u00e9e au journal L\u00c9quipe dimanche dernier. Tout \u00e9tait jou\u00e9. J\u00e9prouve aujourdhui une forme de d\u00e9go\u00fbt. Je trouve \u00e7a path\u00e9tique. 2 4 Nolwenn Leroy et Arnaud Cl\u00e9ment, un couple discret N\u00e9e \u00e0 Saint-Renan 29, Nolwenn Leroy a grandi \u00e0 Kersaint-Plabennec 29 et \u00e0 Guingamp 22, o\u00f9 jai pass\u00e9 mes ann\u00e9es d\u00e9cole primaire. Aujourdhui encore, je me souviens de ces week-ends \u00e0 crapahuter dans les rochers, au bord de la mer. <img decoding=\"async\" src=\"http:\/\/s2.dmcdn.net\/fQcLK\/x480-8k2.jpg\" alt=\"rencontre nolwenn leroy arnaud clement\" align=\"right\"> Nolwenn Leroy et son compagnon Arnaud Cl\u00c3ment dans les tribunes des Internationaux de France de Tennis de Roland Garros \u00e2 Paris, le 10 juin 2018. \u00c2 Dominique Jacovides-Cyril MoreauBestimage Ensemble depuis dix ans, Nolwenn Leroy et Arnaud Cl\u00e9ment forment un couple solide et surtout tr\u00e8s discret. Le 12 juillet 2017, ils accueillaient leur premier enfant, un petit gar\u00e7on nomm\u00e9 Marin. Une idylle sans lombre dun nuage que lartiste a \u00e9galement \u00e9voqu\u00e9 lors de son interview : Les gens croient que tu es heureux en amour. Bien s\u00fbr que tu es heureux en amour, mais \u00e7a demande un travail incroyable. Ce nest pas naturel pour l\u00eatre humain de vivre en couple. Elle conclut : R\u00e9ussir sa vie de couple, cest certainement le truc le plus difficile dans une vie. Toute reproduction interdite Nolwenn Leroy et Arnaud Cl\u00e9ment complices : la jeune maman toujours aussi amoureuse A voir aussi : TPMP : Nolwenn Leroy revient sur son passage difficile dans l\u00e9mission <img decoding=\"async\" src=\"http:\/\/static.hitek.fr\/img\/actualite\/2015\/09\/23\/w_71cxrgh70bl-sl1076.jpg\" alt=\"rencontre nolwenn leroy arnaud clement\" align=\"right\"> \u039b\u03b5\u03c9\u03c6\u03cc\u03c1\u03bf\u03c2 \u0392\u03bf\u03c5\u03bb\u03b9\u03b1\u03b3\u03bc\u03ad\u03bd\u03b7\u03c2, \u03a0\u03c1\u03ce\u03b7\u03bd \u0391\u03bc\u03b5\u03c1\u03b9\u03ba\u03ac\u03bd\u03b9\u03ba\u03b7 \u0392\u03ac\u03c3\u03b7, \u0395\u03bb\u03bb\u03b7\u03bd\u03b9\u03ba\u03cc .<\/p>\n","protected":false},"excerpt":{"rendered":"<p>rencontre nolwenn leroy arnaud clement<\/p>\n","protected":false},"author":1,"featured_media":0,"comment_status":"closed","ping_status":"closed","sticky":false,"template":"","format":"standard","meta":{"footnotes":""},"categories":[1],"tags":[],"_links":{"self":[{"href":"http:\/\/zupnija-gomilsko.rkc.si\/journal\/wp-json\/wp\/v2\/posts\/9844"}],"collection":[{"href":"http:\/\/zupnija-gomilsko.rkc.si\/journal\/wp-json\/wp\/v2\/posts"}],"about":[{"href":"http:\/\/zupnija-gomilsko.rkc.si\/journal\/wp-json\/wp\/v2\/types\/post"}],"author":[{"embeddable":true,"href":"http:\/\/zupnija-gomilsko.rkc.si\/journal\/wp-json\/wp\/v2\/users\/1"}],"replies":[{"embeddable":true,"href":"http:\/\/zupnija-gomilsko.rkc.si\/journal\/wp-json\/wp\/v2\/comments?post=9844"}],"version-history":[{"count":1,"href":"http:\/\/zupnija-gomilsko.rkc.si\/journal\/wp-json\/wp\/v2\/posts\/9844\/revisions"}],"predecessor-version":[{"id":9845,"href":"http:\/\/zupnija-gomilsko.rkc.si\/journal\/wp-json\/wp\/v2\/posts\/9844\/revisions\/9845"}],"wp:attachment":[{"href":"http:\/\/zupnija-gomilsko.rkc.si\/journal\/wp-json\/wp\/v2\/media?parent=9844"}],"wp:term":[{"taxonomy":"category","embeddable":true,"href":"http:\/\/zupnija-gomilsko.rkc.si\/journal\/wp-json\/wp\/v2\/categories?post=9844"},{"taxonomy":"post_tag","embeddable":true,"href":"http:\/\/zupnija-gomilsko.rkc.si\/journal\/wp-json\/wp\/v2\/tags?post=9844"}],"curies":[{"name":"wp","href":"https:\/\/api.w.org\/{rel}","templated":true}]}}