
{"id":9866,"date":"2020-10-12T06:00:50","date_gmt":"2020-10-12T06:00:50","guid":{"rendered":"http:\/\/zupnija-gomilsko.rkc.si\/journal\/?p=9866"},"modified":"2020-09-30T21:21:00","modified_gmt":"2020-09-30T21:21:00","slug":"13e-rencontre-internationale-francophone-des-infirmiers-et-infirmieres-en-hygiene-hospitaliere-3","status":"publish","type":"post","link":"http:\/\/zupnija-gomilsko.rkc.si\/journal\/2020\/10\/12\/13e-rencontre-internationale-francophone-des-infirmiers-et-infirmieres-en-hygiene-hospitaliere-3\/","title":{"rendered":"13e Rencontre Internationale Francophone Des Infirmiers Et Infirmi\u00e8res En Hygi\u00e8ne Hospitali\u00e8re"},"content":{"rendered":"<p>Une lettre de motivation de deux \u00e0 trois pages. Cette lettre doit d\u00e9crire son int\u00e9r\u00eat pour la ma\u00eetrise et ses objectifs professionnels relatifs \u00e0 la formation. Il est fortement recommand\u00e9 de consulter le site Web de l\u00c9cole sup\u00e9rieure dam\u00e9nagement du territoire et de d\u00e9veloppement r\u00e9gional ESAD \u00e0 pour mieux conna\u00eetre les caract\u00e9ristiques du programme. Il est \u00e9galement possible de communiquer avec le conseiller \u00e0 la gestion des \u00e9tudes ou le directeur du programme pour obtenir plus dinformation. Formation de 2 jours :-Paris : 18-19 F\u00e9vr. 26-27 Mai-Marseille : 13-14 Mars-Lille : 7-8 F\u00e9vr-Rennes : 31 Janv.1 F\u00e9vr. Une photo didentit\u00e9 pour l\u00e9dition de votre \u00e9tudiante <img decoding=\"async\" src=\"http:\/\/www.kianma.gq\/images\/regions\/secretariat\/Ouest-France-01-04-2017.jpg\" alt=\"13e rencontre internationale francophone des infirmiers et infirmi\u00e8res en hygi\u00e8ne hospitali\u00e8re\" align=\"center\"> Frais de formation continue avec prise en charge employeur: Photo 2 : atelier Build your own Infection Control Link Nurse Il y a urgence \u00e0 agir. Les besoins sont connus, ils portent sur le mat\u00e9riel m\u00e9dical, les masques, les protections pour le personnel soignant, les tests, m\u00e9dicaments, les vivres pour les plus d\u00e9munis qui nont plus de source de revenu en raison du confinement, indispensable dans la lutte contre le COVID19, comme la rappel\u00e9 le docteur Klein m\u00e9decin venu de Wuhan pour t\u00e9moigner de son exp\u00e9rience. AFET : Association Fran\u00e7aise des Enterostoma-Th\u00e9rapeutes Darlington E, Simar C, Jourdan D. Implementation of a health promotion programme: a ten-year retrospective study. Health Educ 2017;1173. La biologie se caract\u00e9rise par des sujets qui s\u00e9talent sur plusieurs \u00e9chelles, allant de la mol\u00e9cule \u00e0 l\u00e9cosyst\u00e8me en passant par la cellule, les tissus, lorganisme, la population et la communaut\u00e9. Alors que ces disciplines se retrouvent souvent \u00e9parpill\u00e9es dans des programmes distincts, notre programme de doctorat en biologie couvre lensemble de ces mati\u00e8res. Cette structure multidisciplinaire permet aux \u00e9tudiants davoir une vue globale de la biologie qui peut faire na\u00eetre des projets de doctorat fort originaux, tels que l\u00e9cologie mol\u00e9culaire et la production de vaccins par des plantes. Pour tous les \u00e9tudiants sinscrivant en Formation Initiale, rendez-vous sur le site : afin dobtenir votre num\u00e9ro CVEC Les enseignements sont organis\u00e9s sous la forme de 3 s\u00e9minaires. Les instituts de formation aux m\u00e9tiers de la sant\u00e9 sinterrogent sur labsence de reprise des travaux li\u00e9s \u00e0 la r\u00e9ing\u00e9nierie des formations. Simar, C, Darlington, E, Bernard, S, Berger, D, Promouvoir la sant\u00e9 \u00e0 l\u00e9cole. Revue Administration et Education num\u00e9ro sp\u00e9cial L\u00e9cole et la sant\u00e9 : des enjeux forts, une ambition \u00e0 soutenir 2018.  Ladmission au programme d\u00e9tudes sup\u00e9rieures en administration publique est r\u00e9gie par les r\u00e8glements g\u00e9n\u00e9raux de la F\u00c9SP. Pour \u00eatre consid\u00e9r\u00e9, il faut \u00eatre titulaire dun baccalaur\u00e9at sp\u00e9cialis\u00e9 ou avec majeure en administration publique ou dans une discipline connexe, avec une moyenne minimale de 70 B. <img decoding=\"async\" src=\"http:\/\/www.villard.tm.fr\/modules\/\/smartblog\/images\/13-single-default.jpg\" alt=\"13e rencontre internationale francophone des infirmiers et infirmi\u00e8res en hygi\u00e8ne hospitali\u00e8re\" align=\"right\">  N52-DARCQ N, COURTY E, GERBAUD L, JALENQUES I 2004. Int\u00e9r\u00eat du g\u00e9nogramme dans la prise en charge des conduites suicidaires Ann. M\u00e9dico Psychol. 162 : 370-372. Que soit pris en consid\u00e9ration et reconnu lensemble des actions accomplies par lOrdre aussi bien dans ses missions r\u00e9galiennes que de sant\u00e9 publique depuis 2008 gr\u00e2ce \u00e0 lengagement infirmier et au consid\u00e9rable travail des assistants administratifs et juridiques, nationaux et r\u00e9gionaux, menac\u00e9s \u00e0 tout moment de perdre leur emploi. Nom du contact : Maxime ZENNOU : Directeur g\u00e9n\u00e9ral <img decoding=\"async\" src=\"http:\/\/senectus.fr\/wp-content\/uploads\/2018\/03\/Picture1-13-300x176.png\" alt=\"13e rencontre internationale francophone des infirmiers et infirmi\u00e8res en hygi\u00e8ne hospitali\u00e8re\" align=\"center\">  Paiement international Virement bancaire merci de le pr\u00e9ciser sur le dossier dinscription : graphiques des cycles et autres \u00e9l\u00e9ments de preuve d\u00e9finis par le RQ-permettant de confirmer le respect des \u00e9tapes de pr\u00e9parations des DMS : les BPPH ligne directrice N1 le pr\u00e9cisent: 5 ans pas uniquement les graphiques, mais le dossier associ\u00e9 \u00e0 chaque cycle, qui comporte donc les \u00e9l\u00e9ments dinformation relatives aux enregistrements et la validation des cycles et des DM.<\/p>\n","protected":false},"excerpt":{"rendered":"<p>13e rencontre internationale francophone des infirmiers et infirmi\u00e8res en hygi\u00e8ne hospitali\u00e8re<\/p>\n","protected":false},"author":1,"featured_media":0,"comment_status":"closed","ping_status":"closed","sticky":false,"template":"","format":"standard","meta":{"footnotes":""},"categories":[1],"tags":[],"_links":{"self":[{"href":"http:\/\/zupnija-gomilsko.rkc.si\/journal\/wp-json\/wp\/v2\/posts\/9866"}],"collection":[{"href":"http:\/\/zupnija-gomilsko.rkc.si\/journal\/wp-json\/wp\/v2\/posts"}],"about":[{"href":"http:\/\/zupnija-gomilsko.rkc.si\/journal\/wp-json\/wp\/v2\/types\/post"}],"author":[{"embeddable":true,"href":"http:\/\/zupnija-gomilsko.rkc.si\/journal\/wp-json\/wp\/v2\/users\/1"}],"replies":[{"embeddable":true,"href":"http:\/\/zupnija-gomilsko.rkc.si\/journal\/wp-json\/wp\/v2\/comments?post=9866"}],"version-history":[{"count":1,"href":"http:\/\/zupnija-gomilsko.rkc.si\/journal\/wp-json\/wp\/v2\/posts\/9866\/revisions"}],"predecessor-version":[{"id":9867,"href":"http:\/\/zupnija-gomilsko.rkc.si\/journal\/wp-json\/wp\/v2\/posts\/9866\/revisions\/9867"}],"wp:attachment":[{"href":"http:\/\/zupnija-gomilsko.rkc.si\/journal\/wp-json\/wp\/v2\/media?parent=9866"}],"wp:term":[{"taxonomy":"category","embeddable":true,"href":"http:\/\/zupnija-gomilsko.rkc.si\/journal\/wp-json\/wp\/v2\/categories?post=9866"},{"taxonomy":"post_tag","embeddable":true,"href":"http:\/\/zupnija-gomilsko.rkc.si\/journal\/wp-json\/wp\/v2\/tags?post=9866"}],"curies":[{"name":"wp","href":"https:\/\/api.w.org\/{rel}","templated":true}]}}