
{"id":9882,"date":"2020-10-12T07:20:17","date_gmt":"2020-10-12T07:20:17","guid":{"rendered":"http:\/\/zupnija-gomilsko.rkc.si\/journal\/?p=9882"},"modified":"2020-09-30T21:58:24","modified_gmt":"2020-09-30T21:58:24","slug":"rencontres-nationales-de-la-librairie-2011-3","status":"publish","type":"post","link":"http:\/\/zupnija-gomilsko.rkc.si\/journal\/2020\/10\/12\/rencontres-nationales-de-la-librairie-2011-3\/","title":{"rendered":"Rencontres Nationales De La Librairie 2011"},"content":{"rendered":"<p>Suivez toute lactualit\u00e9 du Temps sur les r\u00e9seaux sociaux Paradoxe optimiste des enseignements de cette \u00e9tude, le dynamisme et la cr\u00e9ativit\u00e9 au service du livre ne sessoufflent pas en Nord-Pas de Calais : des librairies ferment, h\u00e9las, mais dautres ouvrent \u00e0 Calais, Douai, Saint-Omer, et attestent de lattractivit\u00e9 et de la jouvence de cette profession. Les Rencontres nationales de la Librairie, qui se tiendront les 21 et 22 juin \u00e0 Lille, seront loccasion de mettre en lumi\u00e8re limportance de leur r\u00f4le pour notre territoire, et les atouts nordistes en la mati\u00e8re. De leur c\u00f4t\u00e9, les \u00e9diteurs r\u00e9gionaux nont pas encore trouv\u00e9 la visibilit\u00e9 m\u00e9rit\u00e9e, mais certains investissent avec hardiesse le num\u00e9rique, et leurs productions attestent de leur cr\u00e9ativit\u00e9 et de leur maturit\u00e9 \u00e0 cet \u00e9gard. Les troisi\u00e8mes Rencontres de l\u00e9dition num\u00e9rique \u00e0 Tourcoing en attesteront tout prochainement, il y a l\u00e0 une touche septentrionale quil faut promouvoir. Une librairie ind\u00e9pendante : interview de Sylvain Fourel Cest officiel! Londres a signifi\u00e9 \u00e0 Bruxelles ne pas vouloir prolonger la p\u00e9riode de transition au del\u00e0 de la fin d\u00e9cembre, quelq.. To benefit from the senior rate, you must travel with an Air France Senior Pass that is valid on your travel date and be ready to present it at the airport. P\u00f4le r\u00e9gional de coop\u00e9ration des acteurs du livre et de la lecture en Pays de la Loire En termes de taux de couverture du corpus, viennent ensuite vente livre num\u00e9rique et prix unique du livre. Lors de la S\u00e9ance Publique du 13 novembre 2013 pour la discussion de la loi des Finances de 2014, la Ministre de la Culture Aur\u00e9lie Filippetti a renouvel\u00e9 ses engagements pour une politique culturelle en faveur de la pr\u00e9servation de la diversit\u00e9 de la cr\u00e9ation et du soutien aux structures les plus fragiles. Lorientation initiale de son programme sera maintenue malgr\u00e9 le redressement budg\u00e9taire de 2 annonc\u00e9 dans le PLF de 2013. La Ministre a aussi r\u00e9it\u00e9r\u00e9 son soutien \u00e0 lamendement 22 propos\u00e9e par la d\u00e9put\u00e9e Isabelle Attard, visant \u00e0 distinguer les vrais livres num\u00e9riques des syst\u00e8mes verrouill\u00e9s qui seraient sujets \u00e0 une TVA sup\u00e9rieur \u00e0 celle actuellement appliqu\u00e9e aux livres 5,5. Download QUELLE LIBRAIRIE POUR DEMAIN? LES RENCONTRES NATIONALES DE LA LIBRAIRIE LYON, 15-16 MAI 2011 Enfin, le format poche et les petits prix continuent de dominer le Top, mais de peu : 23 livres sont vendus, de 12,90 \u00e0 29,99 euros, signe de lint\u00e9r\u00eat port\u00e9 aux livres de r\u00e9f\u00e9rence et \u00e0 forte pagination. La loi sur le prix unique du livre a aussi \u00e9t\u00e9 compl\u00e9t\u00e9e par la Expression m\u00e9diatique de la diversit\u00e9 culturelle en Europe centrale et orientale edited by Michel Mathien, Danusa Serafinov\u00e1 La tendance de ces chiffres est \u00e0 la baisse avec les coupes actuelles de frais de personnel. Depuis 2011, les grandes librairies ont r\u00e9duit leur masse salariale et cette tendance a \u00e9t\u00e9 ensuite \u00e9tendue aux librairies de taille moyenne comme le confirme le rapport Xerfi de 2013 pour le SLF et le MCC sur la situation des librairies ind\u00e9pendantes Accepter Fermer la banni\u00e8re davertissement sur les cookies <img decoding=\"async\" src=\"http:\/\/pianoproject.org\/wp-content\/uploads\/2014\/05\/Adrienne_Drake-400x300.jpg\" alt=\"rencontres nationales de la librairie 2011\" align=\"right\">  annoncer les temps dateliers propos\u00e9s par les visiteurs en plus du programme  l\u00e9cologie, l\u00e9nergie et les d\u00e9veloppements durable, donc sur les comptes Nous vous remercions pour votre compr\u00e9hension et vous tiendrons inform\u00e9s dans les meilleurs d\u00e9lais de la r\u00e9ouverture de lInstitut, et de la reprise de sa programmation. URL: http:www.lesechos.frentreprises-secteursservice-distributionactu0203045666817-prix-du-livre-la-loi-anti-amazon-va-provoquer-des-degats-collateraux-613571.php  Le pr\u00e9sident du groupe socialiste \u00e0 lAssembl\u00e9e nationale, Bruno Le Roux, avait montr\u00e9 la voie, dimanche. Le passage de 5,5 \u00e0 5 de la TVA me pose question, avait-t-il d\u00e9clar\u00e9 au Forum Radio J. Cest sur les produits de premi\u00e8re n\u00e9cessit\u00e9, mais le passage de 5,5 \u00e0 5, cest moins dun centime sur un paquet de p\u00e2tes alimentaires. Et de pr\u00e9ciser quy renoncer repr\u00e9senterait une \u00e9conomie pour lEtat de 750 millions deuros. Chers ami.e.s et partenaires du secteur jeunesse du Conseil de lEurope Jesp\u00e8re que vous serez en bonne sant\u00e9 et de bonne humeur lorsque vous lirez ce message! Conform\u00e9ment aux recommandations des autorit\u00e9s nationales des \u00c9tats membres et de lOrganisation mondiale de la sant\u00e9, et en tant.. <img decoding=\"async\" src=\"http:\/\/catalogue.gazette-drouot.com\/images\/perso\/full\/LOT\/85\/26361\/205.jpg\" alt=\"rencontres nationales de la librairie 2011\" align=\"left\"> <img decoding=\"async\" src=\"http:\/\/love.mixed-race-children.com\/bibliotheque\/auteurs\/-319.jpg\" alt=\"rencontres nationales de la librairie 2011\" align=\"center\"> Le 21 f\u00e9vrier 2013, la Commission Europ\u00e9enne saisit la Cour de justice europ\u00e9enne pour faire appliquer le taux g\u00e9n\u00e9ral de 19,6, consid\u00e9rant que les livres num\u00e9riques sont des services. La d\u00e9cision de la Cour europ\u00e9enne nest pas attendue avant 2 ans. Depuis les Rencontres de Lyon en 2011, plusieurs fournisseurs parmi les plus importants, conscients que de lavenir de la librairie d\u00e9pendait leur activit\u00e9 et celle de nombreux \u00e9diteurs, ont mis en place des mesures collectives en faveur de lam\u00e9lioration de la marge ou de la tr\u00e9sorerie des librairies. Ces avanc\u00e9es sont tr\u00e8s positives mais elles ne b\u00e9n\u00e9ficient pas \u00e0 tous et demeurent..<\/p>\n","protected":false},"excerpt":{"rendered":"<p>rencontres nationales de la librairie 2011<\/p>\n","protected":false},"author":1,"featured_media":0,"comment_status":"closed","ping_status":"closed","sticky":false,"template":"","format":"standard","meta":{"footnotes":""},"categories":[1],"tags":[],"_links":{"self":[{"href":"http:\/\/zupnija-gomilsko.rkc.si\/journal\/wp-json\/wp\/v2\/posts\/9882"}],"collection":[{"href":"http:\/\/zupnija-gomilsko.rkc.si\/journal\/wp-json\/wp\/v2\/posts"}],"about":[{"href":"http:\/\/zupnija-gomilsko.rkc.si\/journal\/wp-json\/wp\/v2\/types\/post"}],"author":[{"embeddable":true,"href":"http:\/\/zupnija-gomilsko.rkc.si\/journal\/wp-json\/wp\/v2\/users\/1"}],"replies":[{"embeddable":true,"href":"http:\/\/zupnija-gomilsko.rkc.si\/journal\/wp-json\/wp\/v2\/comments?post=9882"}],"version-history":[{"count":1,"href":"http:\/\/zupnija-gomilsko.rkc.si\/journal\/wp-json\/wp\/v2\/posts\/9882\/revisions"}],"predecessor-version":[{"id":9883,"href":"http:\/\/zupnija-gomilsko.rkc.si\/journal\/wp-json\/wp\/v2\/posts\/9882\/revisions\/9883"}],"wp:attachment":[{"href":"http:\/\/zupnija-gomilsko.rkc.si\/journal\/wp-json\/wp\/v2\/media?parent=9882"}],"wp:term":[{"taxonomy":"category","embeddable":true,"href":"http:\/\/zupnija-gomilsko.rkc.si\/journal\/wp-json\/wp\/v2\/categories?post=9882"},{"taxonomy":"post_tag","embeddable":true,"href":"http:\/\/zupnija-gomilsko.rkc.si\/journal\/wp-json\/wp\/v2\/tags?post=9882"}],"curies":[{"name":"wp","href":"https:\/\/api.w.org\/{rel}","templated":true}]}}