
{"id":9946,"date":"2020-10-12T13:27:33","date_gmt":"2020-10-12T13:27:33","guid":{"rendered":"http:\/\/zupnija-gomilsko.rkc.si\/journal\/?p=9946"},"modified":"2020-10-01T00:00:42","modified_gmt":"2020-10-01T00:00:42","slug":"rencontre-avenir-professionnel-annecy-3","status":"publish","type":"post","link":"http:\/\/zupnija-gomilsko.rkc.si\/journal\/2020\/10\/12\/rencontre-avenir-professionnel-annecy-3\/","title":{"rendered":"Rencontre Avenir Professionnel Annecy"},"content":{"rendered":"<p>Le parcours est un processus guid\u00e9 et progressif qui offre \u00e0 chacun la possibilit\u00e9, par la d\u00e9couverte et lexp\u00e9rimentation, de mobiliser, d\u00e9velopper et renforcer ses comp\u00e9tences. Il doit contribuer \u00e0 ouvrir le champ des possibles professionnels en favorisant la connaissance des formations dans lenseignement sup\u00e9rieur et la recherche, y compris \u00e0 l\u00e9tranger, ainsi que la familiarisation avec le monde \u00e9conomique. Il se d\u00e9roule tout au long de la scolarit\u00e9 du second degr\u00e9 de lenseignement scolaire dans la perspective d\u00e9tudes sup\u00e9rieures et dinsertion professionnelle. Ce site web utilise des cookies pour am\u00e9liorer la navigation. Nous avons le plaisir de vous faire d\u00e9couvrir les nouveaux locaux de VAKOM. Notre nouvel espace, au service de la qualit\u00e9 de nos accompagnements, cest : Des locaux climatis\u00e9s, plus lumineux et plus modernes Un vaste espace daccueil et de d\u00e9tente Des bureaux ind\u00e9pendants et confortables pour des RDV confidentiels et efficaces avec votre consultant Une <img decoding=\"async\" src=\"http:\/\/www.sitefeb.com\/wp-content\/uploads\/Rencontre-Deputee-Annecy1.png\" alt=\"rencontre avenir professionnel annecy\" align=\"left\">-RDV 5 : conclusion et synth\u00e8se en pr\u00e9sence des parents 30mn.  Construire son projet personnel de formation et dorientation post-bac, se d\u00e9terminer et finaliser les choix, se pr\u00e9parer \u00e0 lenseignement sup\u00e9rieur. Les contenus du site textes, articles, images sont la propri\u00e9t\u00e9 exclusive de Prevoyance Patrimoine et ne peuvent \u00eatre reproduits ni exploit\u00e9s sans son accord. Ce site Web utilise des cookies pour am\u00e9liorer votre exp\u00e9rience. Nous supposerons que vous \u00eates daccord, mais vous pouvez choisir de ne pas participer si vous le souhaitez. Pour autant, mon objectif en partie atteint, jobserve le v\u00e9ritable enrichissement de cet accompagnement.  En renfor\u00e7ant lacquisition des savoirs fondamentaux et en optimisant leurs capacit\u00e9s dapprentissage Int\u00e9grer le r\u00e9seau dagences ASSU 2000 cest souvrir \u00e0 de r\u00e9elles opportunit\u00e9s de carri\u00e8re pour ceux qui souhaitent construire leur avenir professionnel.  Pour \u00eatre mis en relation avec une agence ou un centre daffaires Je vous fais aussi part, au nom de tous mes confr\u00e8res entrepreneurs, de notre souhait de voir assoupli le syst\u00e8me de notation de la Banque de France et des assurances de cr\u00e9dit, qui doit n\u00e9cessairement \u00e9voluer et sadapter face \u00e0 une situation \u00e9conomique donn\u00e9e, celle que nous vivons actuellement en est un exemple particuli\u00e8rement bien pr\u00e9cis. Apr\u00e8s tout, sadapter, nest-ce pas que nous, nous faisons tous les jours? Nous proposons donc que toute d\u00e9cote dune entreprise envisag\u00e9e par la Banque de France et les assurances de cr\u00e9dit saccompagne dun moratoire de six mois sur la notation de cette entreprise afin que celle-ci ait les moyens de d\u00e9montrer aux analystes et aux assureurs de cr\u00e9dit si sa baisse de cr\u00e9dibilit\u00e9 suppos\u00e9e est r\u00e9ellement structurelle ou plut\u00f4t conjoncturelle. Est-ce possible denvisager une telle mesure? MeythAnim est une association inter g\u00e9n\u00e9rationnel qui pr\u00e9sente un nouveau spectacle chaque ann\u00e9e; To help personalize content, tailor and measure ads, and provide a safer experience, we use cookies. By clicking or navigating the site, you agree to allow our collection of information on and off Facebook through cookies. Learn more, including about available controls:. Le parcours Avenir doit permettre \u00e0 l\u00e9l\u00e8ve de d\u00e9velopper son ambition sociale et scolaire et de construire son projet de formation et dorientation en d\u00e9couvrant les principes et la diversit\u00e9 du monde \u00e9conomique, social et professionnel en constante \u00e9volution. L\u00e9l\u00e8ve sinforme des possibilit\u00e9s de formation et des voies dacc\u00e8s aux divers champs professionnels qui soffrent \u00e0 lui apr\u00e8s le coll\u00e8ge. Le parcours organise la d\u00e9couverte par l\u00e9l\u00e8ve de la complexit\u00e9 de toute activit\u00e9 professionnelle, des savoirs et de lexp\u00e9rience quelle requiert. Il doit favoriser lengagement dans un projet individuel ou collectif en suscitant la cr\u00e9ativit\u00e9. Javais une perception du coaching uniquement via le sport o\u00f9 cet accompagnement est branch\u00e9 et tendance.. Donc \u00e0 priori, pas tr\u00e8s attirant pour moi. Vous \u00eates ici : Eric Prowalski, chef-cuisinier discret et bienveillant Depuis 2001 lassociation valorise et mutualise, de mani\u00e8re participative, les analyses des m\u00e9tiers et des dangers faites par les personnes du terrain : pr\u00e9venteurs, salari\u00e9s, formateurs, membres des CSE, etc. Adh\u00e9rents, assur\u00e9s S\u00e9curit\u00e9 sociale ind\u00e9pendants, professionnels de sant\u00e9, suivez vos remboursements en ligne. Un des objectifs du groupe est de d\u00e9velopper lactivit\u00e9 en regroupement de cr\u00e9dits et de recruter de nouveaux profils RAC : <img decoding=\"async\" src=\"http:\/\/img07.deviantart.net\/7ae0\/i\/2011\/260\/5\/0\/sephiroth_avatar_by_ryumakkuro-d4a3sf4.gif\" alt=\"rencontre avenir professionnel annecy\" align=\"center\"> <img decoding=\"async\" src=\"http:\/\/www.subject.serenitynowmassagetherapy.com\/img\/700\/588a290b233cb-fr-renovation-carpentras-84200-5-700.jpg\" alt=\"rencontre avenir professionnel annecy\" align=\"left\">.<\/p>\n","protected":false},"excerpt":{"rendered":"<p>rencontre avenir professionnel annecy<\/p>\n","protected":false},"author":1,"featured_media":0,"comment_status":"closed","ping_status":"closed","sticky":false,"template":"","format":"standard","meta":{"footnotes":""},"categories":[1],"tags":[],"_links":{"self":[{"href":"http:\/\/zupnija-gomilsko.rkc.si\/journal\/wp-json\/wp\/v2\/posts\/9946"}],"collection":[{"href":"http:\/\/zupnija-gomilsko.rkc.si\/journal\/wp-json\/wp\/v2\/posts"}],"about":[{"href":"http:\/\/zupnija-gomilsko.rkc.si\/journal\/wp-json\/wp\/v2\/types\/post"}],"author":[{"embeddable":true,"href":"http:\/\/zupnija-gomilsko.rkc.si\/journal\/wp-json\/wp\/v2\/users\/1"}],"replies":[{"embeddable":true,"href":"http:\/\/zupnija-gomilsko.rkc.si\/journal\/wp-json\/wp\/v2\/comments?post=9946"}],"version-history":[{"count":1,"href":"http:\/\/zupnija-gomilsko.rkc.si\/journal\/wp-json\/wp\/v2\/posts\/9946\/revisions"}],"predecessor-version":[{"id":9947,"href":"http:\/\/zupnija-gomilsko.rkc.si\/journal\/wp-json\/wp\/v2\/posts\/9946\/revisions\/9947"}],"wp:attachment":[{"href":"http:\/\/zupnija-gomilsko.rkc.si\/journal\/wp-json\/wp\/v2\/media?parent=9946"}],"wp:term":[{"taxonomy":"category","embeddable":true,"href":"http:\/\/zupnija-gomilsko.rkc.si\/journal\/wp-json\/wp\/v2\/categories?post=9946"},{"taxonomy":"post_tag","embeddable":true,"href":"http:\/\/zupnija-gomilsko.rkc.si\/journal\/wp-json\/wp\/v2\/tags?post=9946"}],"curies":[{"name":"wp","href":"https:\/\/api.w.org\/{rel}","templated":true}]}}